{"id":175559,"date":"2020-06-23T08:40:25","date_gmt":"2020-06-23T11:40:25","guid":{"rendered":"https:\/\/www.caririemacao.com\/1\/?p=175559"},"modified":"2020-06-23T14:28:12","modified_gmt":"2020-06-23T17:28:12","slug":"colisao-entre-motos-deixa-tres-pessoas-feridas-em-monteiro","status":"publish","type":"post","link":"https:\/\/www.caririemacao.com\/1\/2020\/06\/23\/colisao-entre-motos-deixa-tres-pessoas-feridas-em-monteiro\/","title":{"rendered":"Colis\u00e3o entre motos deixa tr\u00eas pessoas feridas em Monteiro"},"content":{"rendered":"\n<h1 class=\"wp-block-heading\"><\/h1>\n\n\n\n<hr class=\"wp-block-separator\"\/>\n\n\n\n<p>Tr\u00eas pessoas ficaram feridas ap\u00f3s uma colis\u00e3o entre duas motos registrada na noite deste domingo (21), na BR-412, pr\u00f3ximo ao portal de entrada da cidade de Monteiro.<\/p>\n\n\n\n<p>De acordo com informa\u00e7\u00f5es preliminares, um motociclista colidiu na traseira de outra moto que seguia na rodovia. Os ocupantes das motos ficaram feridos e foram socorridos pelo SAMU para o Hospital Regional de Monteiro.<\/p>\n\n\n\n<p>O estado de sa\u00fade das v\u00edtimas n\u00e3o foi revelado. Uma das v\u00edtimas \u00e9 uma crian\u00e7a, que seguia na garupa da moto com o seu pai.<\/p>\n","protected":false},"excerpt":{"rendered":"<p>Tr\u00eas pessoas ficaram feridas ap\u00f3s uma colis\u00e3o entre duas motos registrada na noite deste domingo (21), na BR-412, pr\u00f3ximo ao portal de entrada da cidade&hellip; <\/p>\n","protected":false},"author":2,"featured_media":175560,"comment_status":"closed","ping_status":"closed","sticky":false,"template":"","format":"standard","meta":{"sfsi_plus_gutenberg_text_before_share":"","sfsi_plus_gutenberg_show_text_before_share":"","sfsi_plus_gutenberg_icon_type":"","sfsi_plus_gutenberg_icon_alignemt":"","sfsi_plus_gutenburg_max_per_row":"","footnotes":""},"categories":[2],"tags":[],"class_list":["post-175559","post","type-post","status-publish","format-standard","has-post-thumbnail","hentry","category-geral"],"_links":{"self":[{"href":"https:\/\/www.caririemacao.com\/1\/wp-json\/wp\/v2\/posts\/175559","targetHints":{"allow":["GET"]}}],"collection":[{"href":"https:\/\/www.caririemacao.com\/1\/wp-json\/wp\/v2\/posts"}],"about":[{"href":"https:\/\/www.caririemacao.com\/1\/wp-json\/wp\/v2\/types\/post"}],"author":[{"embeddable":true,"href":"https:\/\/www.caririemacao.com\/1\/wp-json\/wp\/v2\/users\/2"}],"replies":[{"embeddable":true,"href":"https:\/\/www.caririemacao.com\/1\/wp-json\/wp\/v2\/comments?post=175559"}],"version-history":[{"count":2,"href":"https:\/\/www.caririemacao.com\/1\/wp-json\/wp\/v2\/posts\/175559\/revisions"}],"predecessor-version":[{"id":175629,"href":"https:\/\/www.caririemacao.com\/1\/wp-json\/wp\/v2\/posts\/175559\/revisions\/175629"}],"wp:featuredmedia":[{"embeddable":true,"href":"https:\/\/www.caririemacao.com\/1\/wp-json\/wp\/v2\/media\/175560"}],"wp:attachment":[{"href":"https:\/\/www.caririemacao.com\/1\/wp-json\/wp\/v2\/media?parent=175559"}],"wp:term":[{"taxonomy":"category","embeddable":true,"href":"https:\/\/www.caririemacao.com\/1\/wp-json\/wp\/v2\/categories?post=175559"},{"taxonomy":"post_tag","embeddable":true,"href":"https:\/\/www.caririemacao.com\/1\/wp-json\/wp\/v2\/tags?post=175559"}],"curies":[{"name":"wp","href":"https:\/\/api.w.org\/{rel}","templated":true}]}}