{"id":175567,"date":"2020-06-23T08:47:16","date_gmt":"2020-06-23T11:47:16","guid":{"rendered":"https:\/\/www.caririemacao.com\/1\/?p=175567"},"modified":"2020-06-23T08:47:16","modified_gmt":"2020-06-23T11:47:16","slug":"decreto-municipal-determina-proibicao-de-fogueiras-e-fogos-de-artificio-em-sao-sebastiao-do-umbuzeiro","status":"publish","type":"post","link":"https:\/\/www.caririemacao.com\/1\/2020\/06\/23\/decreto-municipal-determina-proibicao-de-fogueiras-e-fogos-de-artificio-em-sao-sebastiao-do-umbuzeiro\/","title":{"rendered":"Decreto Municipal determina proibi\u00e7\u00e3o de fogueiras e fogos de artif\u00edcio em S\u00e3o Sebasti\u00e3o do Umbuzeiro"},"content":{"rendered":"\n<h3 class=\"wp-block-heading\"><\/h3>\n\n\n\n<p>O Prefeito Adriano Wolff assinou na manha desta segunda feira, 22, o decreto que determina a proibi\u00e7\u00e3o de acender fogueiras, queima e soltura de fogos de artif\u00edcio em espa\u00e7os p\u00fablicos e privados, no \u00e2mbito do munic\u00edpio de S\u00e3o Sebasti\u00e3o do Umbuzeiro.<br>O DECRETO 010\/2020 j\u00e1 est\u00e1 em vigor. Confira na \u00edntegra:<\/p>\n\n\n\n<p><strong>DECRETO DO CHEFE DO PODER EXECUTIVO N\u00ba 010\/2020.<\/strong><strong><em><u><br><\/u><\/em><\/strong><strong><em><u>DISP\u00d5E SOBRE A PROIBI\u00c7\u00c3O DE ACENDER FOGUEIRAS, QUEIMA E SOLTURA DE FOGOS DE ARTIF\u00cdCIO EM ESPA\u00c7OS P\u00daBLICOS E PRIVADOS, NO \u00c2MBITO DO MUNIC\u00cdPIO DE S\u00c3O SEBASTI\u00c3O DO UMBUZEIRO\/PB, E D\u00c1 OUTRAS PROVID\u00caNCIAS.<\/u><\/em><\/strong><br>O PREFEITO DO MUNIC\u00cdPIO DE S\u00c3O SEBASTI\u00c3O DO UMBUZEIRO\/PB, ESTADO DA PARA\u00cdBA, no uso de suas atribui\u00e7\u00f5es legais que lhe confere a Lei Org\u00e2nica Municipal e, nas medidas restritivas e proibitivas decorrentes dos atos governamentais para enfrentamento da pandemia COVID-19;<br>&nbsp;CONSIDERANDO a Lei Estadual n\u00ba 11.711 de 19 junho de 2020, que pro\u00edbe acender fogueiras em espa\u00e7os urbanos no \u00e2mbito Estadual.<\/p>\n\n\n\n<p>CONSIDERANDO o normatizado pela Organiza\u00e7\u00e3o Mundial da Sa\u00fade (OMS); pelo Governo Federal atrav\u00e9s do Minist\u00e9rio da Sa\u00fade; pelo Estado da Para\u00edba, face ao estado de pandemia universal, em decorr\u00eancia da Infec\u00e7\u00e3o Humana pela Corona v\u00edrus (COVID-19);<\/p>\n\n\n\n<p>CONSIDERANDO que a fuma\u00e7a das fogueiras e dos fogos de artif\u00edcio s\u00e3o altamente prejudiciais ao pulm\u00e3o e ao sistema respirat\u00f3rio como um todo, bem como o da vis\u00e3o, enquanto que o fogo gera queimaduras e outras sequelas diversas, sintomas esses, afetados pelo v\u00edrus da COVID19, cujas situa\u00e7\u00f5es, aumentam substancialmente, o atendimento e a ocupa\u00e7\u00e3o dos leitos hospitalares, sem falar, da aglomera\u00e7\u00e3o que normalmente se faz no acendimento de fogueira e queima de fogos;<strong><br><\/strong><strong>D E C R E T A:<\/strong><em><br><\/em><em>&nbsp;Art. 1\u00ba &#8211; FICA PROIBIDO ACENDER FOGUEIRAS, bem como a QUEIMA e SOLTURA de FOGOS de ARTIF\u00cdCIO em ESPA\u00c7OS P\u00daBLICOS e PRIVADOS no \u00e2mbito territorial do Munic\u00edpio de S\u00e3o Sebasti\u00e3o do Umbuzeiro\/PB, enquanto perdurar as medidas restritivas e proibitivas ao enfrentamento da Corona v\u00edrus (COVID-19), estabelecidas pelos organismos p\u00fablicos competentes.<\/em><br><em>Art. 2\u00ba &#8211; A desobedi\u00eancia \u00e0s proibi\u00e7\u00f5es constantes do art. 1\u00ba poder\u00e1 ocasionar o chamamento do feito \u00e0 ordem p\u00fablica, com interven\u00e7\u00e3o da for\u00e7a policial para ado\u00e7\u00e3o das medidas legais cab\u00edveis.<\/em><strong><br><\/strong><strong>ESTADO DA PARA\u00cdBA<\/strong><strong>GOVERNO MUNICIPAL<\/strong><strong>PREFEITURA MUNICIPAL DE S\u00c3O SEBASTI\u00c3O DO UMBUZEIRO<\/strong><strong><br><\/strong><strong>&nbsp;Gabinete do Chefe do Poder Executivo<\/strong>S\u00e3o Sebasti\u00e3o do Umbuzeiro-PB, 22 de junho de 2020.<\/p>\n\n\n\n<p>ADRIANO JER\u00d4NIMO WOLFFPrefeito Constitucional<\/p>\n","protected":false},"excerpt":{"rendered":"<p>O Prefeito Adriano Wolff assinou na manha desta segunda feira, 22, o decreto que determina a proibi\u00e7\u00e3o de acender fogueiras, queima e soltura de fogos&hellip; <\/p>\n","protected":false},"author":2,"featured_media":175568,"comment_status":"closed","ping_status":"closed","sticky":false,"template":"","format":"standard","meta":{"sfsi_plus_gutenberg_text_before_share":"","sfsi_plus_gutenberg_show_text_before_share":"","sfsi_plus_gutenberg_icon_type":"","sfsi_plus_gutenberg_icon_alignemt":"","sfsi_plus_gutenburg_max_per_row":"","footnotes":""},"categories":[2],"tags":[],"class_list":["post-175567","post","type-post","status-publish","format-standard","has-post-thumbnail","hentry","category-geral"],"_links":{"self":[{"href":"https:\/\/www.caririemacao.com\/1\/wp-json\/wp\/v2\/posts\/175567","targetHints":{"allow":["GET"]}}],"collection":[{"href":"https:\/\/www.caririemacao.com\/1\/wp-json\/wp\/v2\/posts"}],"about":[{"href":"https:\/\/www.caririemacao.com\/1\/wp-json\/wp\/v2\/types\/post"}],"author":[{"embeddable":true,"href":"https:\/\/www.caririemacao.com\/1\/wp-json\/wp\/v2\/users\/2"}],"replies":[{"embeddable":true,"href":"https:\/\/www.caririemacao.com\/1\/wp-json\/wp\/v2\/comments?post=175567"}],"version-history":[{"count":1,"href":"https:\/\/www.caririemacao.com\/1\/wp-json\/wp\/v2\/posts\/175567\/revisions"}],"predecessor-version":[{"id":175569,"href":"https:\/\/www.caririemacao.com\/1\/wp-json\/wp\/v2\/posts\/175567\/revisions\/175569"}],"wp:featuredmedia":[{"embeddable":true,"href":"https:\/\/www.caririemacao.com\/1\/wp-json\/wp\/v2\/media\/175568"}],"wp:attachment":[{"href":"https:\/\/www.caririemacao.com\/1\/wp-json\/wp\/v2\/media?parent=175567"}],"wp:term":[{"taxonomy":"category","embeddable":true,"href":"https:\/\/www.caririemacao.com\/1\/wp-json\/wp\/v2\/categories?post=175567"},{"taxonomy":"post_tag","embeddable":true,"href":"https:\/\/www.caririemacao.com\/1\/wp-json\/wp\/v2\/tags?post=175567"}],"curies":[{"name":"wp","href":"https:\/\/api.w.org\/{rel}","templated":true}]}}