{"id":175572,"date":"2020-06-23T12:15:41","date_gmt":"2020-06-23T15:15:41","guid":{"rendered":"https:\/\/www.caririemacao.com\/1\/?p=175572"},"modified":"2020-06-23T12:15:41","modified_gmt":"2020-06-23T15:15:41","slug":"operacao-de-combate-as-fogueiras-comeca-nesta-terca-feira-e-multa-por-descumprimento-da-lei-e-de-r-500-na-paraiba","status":"publish","type":"post","link":"https:\/\/www.caririemacao.com\/1\/2020\/06\/23\/operacao-de-combate-as-fogueiras-comeca-nesta-terca-feira-e-multa-por-descumprimento-da-lei-e-de-r-500-na-paraiba\/","title":{"rendered":"Opera\u00e7\u00e3o de combate \u00e0s fogueiras come\u00e7a nesta ter\u00e7a-feira e multa por descumprimento da lei \u00e9 de R$ 500 na Para\u00edba"},"content":{"rendered":"\n<p>A Opera\u00e7\u00e3o \u201cS\u00e3o Jo\u00e3o Sem Fogueiras\u201d ser\u00e1 deflagrada no come\u00e7o da noite desta ter\u00e7a-feira (23) para coibir o acendimento de fogueiras em \u00e1reas urbanas, em toda a Para\u00edba. As fiscaliza\u00e7\u00f5es contam com a atua\u00e7\u00e3o conjunta do Batalh\u00e3o de Pol\u00edcia Ambiental (BPAmb), Superintend\u00eancia de Administra\u00e7\u00e3o do Meio Ambiente (Sudema) e Corpo de Bombeiros Militar.<\/p>\n\n\n\n<p>A proibi\u00e7\u00e3o foi estabelecida pela lei n\u00ba 11.711, sancionada pelo Governo do Estado no \u00faltimo dia 19.<\/p>\n\n\n\n<p>O comandante do Batalh\u00e3o de Pol\u00edcia Ambiental (BPAmb), tenente-coronel Melquisedec Lima, disse que o descumprimento da lei acarretar\u00e1 multa de mais de R$ 500.&nbsp;<\/p>\n\n\n\n<p>\u201cDesde o come\u00e7o do m\u00eas, j\u00e1 estamos fiscalizando a quest\u00e3o da venda de madeira para fogueiras e agora, com a san\u00e7\u00e3o dessa lei, estendemos a fiscaliza\u00e7\u00e3o para a quest\u00e3o do acendimento de fogueiras, que est\u00e1 proibido em espa\u00e7os urbanos durante toda a pandemia. Fim de semana j\u00e1 foram feitas abordagens educativas e, a partir desta v\u00e9spera de S\u00e3o Jo\u00e3o, a fiscaliza\u00e7\u00e3o ser\u00e1 mais rigorosa, inclusive com aplica\u00e7\u00e3o de multa no valor de 517 reais, podendo ser o dobro, em caso de reincid\u00eancia\u201d, destacou.<\/p>\n\n\n\n<p>As den\u00fancias podem ser feitas pelo n\u00famero 190. Al\u00e9m da puni\u00e7\u00e3o com multa, as equipes contar\u00e3o tamb\u00e9m com log\u00edstica para apagar imediatamente a fogueira que esteja acesa em local proibido pela lei. A medida busca prevenir as complica\u00e7\u00f5es que a fuma\u00e7a provoca \u00e0 sa\u00fade das pessoas, principalmente as que t\u00eam problemas respirat\u00f3rios e est\u00e3o no grupo de risco da Covid-19 ou que contra\u00edram a doen\u00e7a.<\/p>\n","protected":false},"excerpt":{"rendered":"<p>A Opera\u00e7\u00e3o \u201cS\u00e3o Jo\u00e3o Sem Fogueiras\u201d ser\u00e1 deflagrada no come\u00e7o da noite desta ter\u00e7a-feira (23) para coibir o acendimento de fogueiras em \u00e1reas urbanas, em&hellip; <\/p>\n","protected":false},"author":2,"featured_media":175574,"comment_status":"closed","ping_status":"closed","sticky":false,"template":"","format":"standard","meta":{"sfsi_plus_gutenberg_text_before_share":"","sfsi_plus_gutenberg_show_text_before_share":"","sfsi_plus_gutenberg_icon_type":"","sfsi_plus_gutenberg_icon_alignemt":"","sfsi_plus_gutenburg_max_per_row":"","footnotes":""},"categories":[50,2],"tags":[],"class_list":["post-175572","post","type-post","status-publish","format-standard","has-post-thumbnail","hentry","category-destaque","category-geral"],"_links":{"self":[{"href":"https:\/\/www.caririemacao.com\/1\/wp-json\/wp\/v2\/posts\/175572","targetHints":{"allow":["GET"]}}],"collection":[{"href":"https:\/\/www.caririemacao.com\/1\/wp-json\/wp\/v2\/posts"}],"about":[{"href":"https:\/\/www.caririemacao.com\/1\/wp-json\/wp\/v2\/types\/post"}],"author":[{"embeddable":true,"href":"https:\/\/www.caririemacao.com\/1\/wp-json\/wp\/v2\/users\/2"}],"replies":[{"embeddable":true,"href":"https:\/\/www.caririemacao.com\/1\/wp-json\/wp\/v2\/comments?post=175572"}],"version-history":[{"count":1,"href":"https:\/\/www.caririemacao.com\/1\/wp-json\/wp\/v2\/posts\/175572\/revisions"}],"predecessor-version":[{"id":175575,"href":"https:\/\/www.caririemacao.com\/1\/wp-json\/wp\/v2\/posts\/175572\/revisions\/175575"}],"wp:featuredmedia":[{"embeddable":true,"href":"https:\/\/www.caririemacao.com\/1\/wp-json\/wp\/v2\/media\/175574"}],"wp:attachment":[{"href":"https:\/\/www.caririemacao.com\/1\/wp-json\/wp\/v2\/media?parent=175572"}],"wp:term":[{"taxonomy":"category","embeddable":true,"href":"https:\/\/www.caririemacao.com\/1\/wp-json\/wp\/v2\/categories?post=175572"},{"taxonomy":"post_tag","embeddable":true,"href":"https:\/\/www.caririemacao.com\/1\/wp-json\/wp\/v2\/tags?post=175572"}],"curies":[{"name":"wp","href":"https:\/\/api.w.org\/{rel}","templated":true}]}}