{"id":175576,"date":"2020-06-23T12:16:57","date_gmt":"2020-06-23T15:16:57","guid":{"rendered":"https:\/\/www.caririemacao.com\/1\/?p=175576"},"modified":"2020-06-23T12:16:57","modified_gmt":"2020-06-23T15:16:57","slug":"oab-acelera-tramites-para-elaboracao-de-pedido-de-impeachment-de-bolsonaro","status":"publish","type":"post","link":"https:\/\/www.caririemacao.com\/1\/2020\/06\/23\/oab-acelera-tramites-para-elaboracao-de-pedido-de-impeachment-de-bolsonaro\/","title":{"rendered":"OAB acelera tr\u00e2mites para elabora\u00e7\u00e3o de pedido de impeachment de Bolsonaro"},"content":{"rendered":"\n<p>A OAB (Ordem dos Advogados do Brasil) decidiu acelerar os tr\u00e2mites para a elabora\u00e7\u00e3o de um pedido de impeachment do presidente Jair Bolsonaro.<\/p>\n\n\n\n<p>A entidade j\u00e1 tinha aberto um procedimento na comiss\u00e3o de estudos constitucionais, integrada por juristas como Sep\u00faveda Pertence, para estudar o assunto.<\/p>\n\n\n\n<p>O tema estava sendo tratado com cautela. A pris\u00e3o do ex-assessor Fabr\u00edcio Queiroz na casa do advogado da fam\u00edlia Bolsonaro, Frederick Wassef, no entanto, fez com que ele subisse um degrau nas prioridades da entidade.<\/p>\n\n\n\n<p>As revela\u00e7\u00f5es de que Queiroz, que comandaria um esquema de rachadinhas no gabinete de Fl\u00e1vio Bolsonaro quando ele era deputado estadual pelo Rio, pagou inclusive contas pessoais do filho do presidente da Rep\u00fablica com dinheiro vivo \u00e9 considerada grave.<\/p>\n\n\n\n<p>O Minist\u00e9rio P\u00fablico do Rio de Janeiro estima ainda que o ex-assessor de Fl\u00e1vio Bolsonaro recebeu R$ 400 mil de Adriano Magalh\u00e3es da N\u00f3brega, o capit\u00e3o Adriano, que era o chefe da mil\u00edcia Escrit\u00f3rio do Crime. Ele foi morto em fevereiro.<\/p>\n\n\n\n<p>O envolvimento, no esc\u00e2ndalo, de pessoas acusadas de ter conex\u00e3o com mil\u00edcias \u00e9 vista como &#8220;fundo do po\u00e7o&#8221; por diretores da ordem, que agora enxergam fatos concretos para embasar um pedido de afastamento de Bolsonaro.<\/p>\n\n\n\n<p>A OAB agora se prepara para ouvir as 27 seccionais, num sistema de consulta que tamb\u00e9m foi adotado quando a entidade decidiu apresentar pedido de impeachment contra o ent\u00e3o presidente Michel Temer, em 2017.<\/p>\n\n\n\n<p>A decis\u00e3o final caber\u00e1 ao plen\u00e1rio do conselho federal, formado por 81 integrantes \u2014tr\u00eas de cada estado e o Distrito Federal, que s\u00e3o eleitos diretamente em cada unidade da federa\u00e7\u00e3o.<\/p>\n\n\n\n<p>A delibera\u00e7\u00e3o deve ocorrer em agosto, quando o conselho deve voltar a se reunir de forma presencial, caso a epidemia do novo coronav\u00edrus esteja controlada.<\/p>\n\n\n\n<p>A discuss\u00e3o sobre o impeachment j\u00e1 vinha sendo discutida com intensidade na OAB, que at\u00e9 agora estava dividida.<\/p>\n\n\n\n<p>Um grupo, integrado pelo presidente da entidade, Felipe Santa Cruz, achava necess\u00e1rio agir ainda com cautela, considerando que o afastamento de um presidente da Rep\u00fablica eleito diretamente \u00e9 um rem\u00e9dio amargo para qualquer crise.<\/p>\n\n\n\n<p>Uma outra ala dizia que Bolsonaro j\u00e1 deu motivos suficientes para um processo de crime por responsabilidade, que poderia justificar a sua queda do governo.<\/p>\n\n\n\n<p>Desde a semana passada, as posi\u00e7\u00f5es parecem caminhar para uma maioria em defesa de um pedido de impeachment contra ele.<\/p>\n\n\n\n<p>Um eventual pedido de impeachment feito pela OAB se revestiria simbolismo: a entidade liderou o processo de afastamento de Fernando Collor de Mello da presid\u00eancia, na d\u00e9cada de 1990. Apoiou o impeachment da ent\u00e3o presidente Dilma Rousseff, em 2016, e defendeu a queda de Michel Temer em 2017.<\/p>\n","protected":false},"excerpt":{"rendered":"<p>A OAB (Ordem dos Advogados do Brasil) decidiu acelerar os tr\u00e2mites para a elabora\u00e7\u00e3o de um pedido de impeachment do presidente Jair Bolsonaro. A entidade&hellip; <\/p>\n","protected":false},"author":1,"featured_media":175579,"comment_status":"closed","ping_status":"closed","sticky":false,"template":"","format":"standard","meta":{"sfsi_plus_gutenberg_text_before_share":"","sfsi_plus_gutenberg_show_text_before_share":"","sfsi_plus_gutenberg_icon_type":"","sfsi_plus_gutenberg_icon_alignemt":"","sfsi_plus_gutenburg_max_per_row":"","footnotes":""},"categories":[2],"tags":[],"class_list":["post-175576","post","type-post","status-publish","format-standard","has-post-thumbnail","hentry","category-geral"],"_links":{"self":[{"href":"https:\/\/www.caririemacao.com\/1\/wp-json\/wp\/v2\/posts\/175576","targetHints":{"allow":["GET"]}}],"collection":[{"href":"https:\/\/www.caririemacao.com\/1\/wp-json\/wp\/v2\/posts"}],"about":[{"href":"https:\/\/www.caririemacao.com\/1\/wp-json\/wp\/v2\/types\/post"}],"author":[{"embeddable":true,"href":"https:\/\/www.caririemacao.com\/1\/wp-json\/wp\/v2\/users\/1"}],"replies":[{"embeddable":true,"href":"https:\/\/www.caririemacao.com\/1\/wp-json\/wp\/v2\/comments?post=175576"}],"version-history":[{"count":1,"href":"https:\/\/www.caririemacao.com\/1\/wp-json\/wp\/v2\/posts\/175576\/revisions"}],"predecessor-version":[{"id":175580,"href":"https:\/\/www.caririemacao.com\/1\/wp-json\/wp\/v2\/posts\/175576\/revisions\/175580"}],"wp:featuredmedia":[{"embeddable":true,"href":"https:\/\/www.caririemacao.com\/1\/wp-json\/wp\/v2\/media\/175579"}],"wp:attachment":[{"href":"https:\/\/www.caririemacao.com\/1\/wp-json\/wp\/v2\/media?parent=175576"}],"wp:term":[{"taxonomy":"category","embeddable":true,"href":"https:\/\/www.caririemacao.com\/1\/wp-json\/wp\/v2\/categories?post=175576"},{"taxonomy":"post_tag","embeddable":true,"href":"https:\/\/www.caririemacao.com\/1\/wp-json\/wp\/v2\/tags?post=175576"}],"curies":[{"name":"wp","href":"https:\/\/api.w.org\/{rel}","templated":true}]}}