{"id":175581,"date":"2020-06-23T12:21:36","date_gmt":"2020-06-23T15:21:36","guid":{"rendered":"https:\/\/www.caririemacao.com\/1\/?p=175581"},"modified":"2020-06-23T12:21:36","modified_gmt":"2020-06-23T15:21:36","slug":"cidade-prevencao-anna-lorena-lanca-selo-de-seguranca-em-prevencao-para-estabelecimentos-comerciais-de-monteiro","status":"publish","type":"post","link":"https:\/\/www.caririemacao.com\/1\/2020\/06\/23\/cidade-prevencao-anna-lorena-lanca-selo-de-seguranca-em-prevencao-para-estabelecimentos-comerciais-de-monteiro\/","title":{"rendered":"CIDADE PREVEN\u00c7\u00c3O: Anna Lorena lan\u00e7a \u201cSelo de Seguran\u00e7a em Preven\u00e7\u00e3o\u201d para estabelecimentos comerciais de Monteiro"},"content":{"rendered":"\n<p>A Prefeita de Monteiro, Anna Lorena, acompanhada da Secret\u00e1ria Executiva de sa\u00fade e da Coordenadora de Vigil\u00e2ncia em Sa\u00fade do Munic\u00edpio, fez o lan\u00e7amento nesta segunda-feira (22), de um novo instrumento de preven\u00e7\u00e3o e combate \u00e0 propaga\u00e7\u00e3o do v\u00edrus do Covid-19.<\/p>\n\n\n\n<p>Lorena vem se reunindo em grupos com os comerciantes do munic\u00edpio na C\u00e2mara Municipal, onde abriu espa\u00e7o para discuss\u00e3o de medidas que possam prevenir o cont\u00e1gio e, ao mesmo tempo, preservar a sa\u00fade dos comerciantes e clientes dos estabelecimentos que estar\u00e3o funcionando durante a pandemia.<\/p>\n\n\n\n<p>Foi assinado um termo de compromisso Prefeitura\/Empres\u00e1rios, em que todos se comprometeram a adotar medidas preventivas de sa\u00fade. Todos os estabelecimentos comerciais ser\u00e3o fiscalizados pelas equipes de Vigil\u00e2ncia em Sa\u00fade e aqueles que cumprirem \u00e0 risca, todas as exig\u00eancias determinadas pelos decretos Estadual\/Municipal, ter\u00e3o afixados na entrada um \u201cSelo de Seguran\u00e7a em Preven\u00e7\u00e3o\u201d, que ser\u00e1 fornecido pelos \u00f3rg\u00e3os de sa\u00fade do munic\u00edpio.<\/p>\n\n\n\n<p>Anna Lorena afirmou que a inten\u00e7\u00e3o da administra\u00e7\u00e3o \u00e9 minimizar ao m\u00e1ximo os efeitos da crise econ\u00f4mica que atinge todo o Brasil e principalmente os pequenos munic\u00edpios. \u201cO nosso maior compromisso \u00e9 com o bem de todos. Queremos que os comerciantes possam se manter e que a popula\u00e7\u00e3o tenha seguran\u00e7a em fazer suas compras. Por isso, neste momento, estamos chamando \u00e0 responsabilidade todos os comerciantes e juntos vamos vencer esse momento cr\u00edtico\u201d. Concluiu.<\/p>\n\n\n\n<p><em>Ascom PMM<\/em><\/p>\n","protected":false},"excerpt":{"rendered":"<p>A Prefeita de Monteiro, Anna Lorena, acompanhada da Secret\u00e1ria Executiva de sa\u00fade e da Coordenadora de Vigil\u00e2ncia em Sa\u00fade do Munic\u00edpio, fez o lan\u00e7amento nesta&hellip; <\/p>\n","protected":false},"author":2,"featured_media":175587,"comment_status":"closed","ping_status":"closed","sticky":false,"template":"","format":"standard","meta":{"sfsi_plus_gutenberg_text_before_share":"","sfsi_plus_gutenberg_show_text_before_share":"","sfsi_plus_gutenberg_icon_type":"","sfsi_plus_gutenberg_icon_alignemt":"","sfsi_plus_gutenburg_max_per_row":"","footnotes":""},"categories":[50,2],"tags":[],"class_list":["post-175581","post","type-post","status-publish","format-standard","has-post-thumbnail","hentry","category-destaque","category-geral"],"_links":{"self":[{"href":"https:\/\/www.caririemacao.com\/1\/wp-json\/wp\/v2\/posts\/175581","targetHints":{"allow":["GET"]}}],"collection":[{"href":"https:\/\/www.caririemacao.com\/1\/wp-json\/wp\/v2\/posts"}],"about":[{"href":"https:\/\/www.caririemacao.com\/1\/wp-json\/wp\/v2\/types\/post"}],"author":[{"embeddable":true,"href":"https:\/\/www.caririemacao.com\/1\/wp-json\/wp\/v2\/users\/2"}],"replies":[{"embeddable":true,"href":"https:\/\/www.caririemacao.com\/1\/wp-json\/wp\/v2\/comments?post=175581"}],"version-history":[{"count":2,"href":"https:\/\/www.caririemacao.com\/1\/wp-json\/wp\/v2\/posts\/175581\/revisions"}],"predecessor-version":[{"id":175588,"href":"https:\/\/www.caririemacao.com\/1\/wp-json\/wp\/v2\/posts\/175581\/revisions\/175588"}],"wp:featuredmedia":[{"embeddable":true,"href":"https:\/\/www.caririemacao.com\/1\/wp-json\/wp\/v2\/media\/175587"}],"wp:attachment":[{"href":"https:\/\/www.caririemacao.com\/1\/wp-json\/wp\/v2\/media?parent=175581"}],"wp:term":[{"taxonomy":"category","embeddable":true,"href":"https:\/\/www.caririemacao.com\/1\/wp-json\/wp\/v2\/categories?post=175581"},{"taxonomy":"post_tag","embeddable":true,"href":"https:\/\/www.caririemacao.com\/1\/wp-json\/wp\/v2\/tags?post=175581"}],"curies":[{"name":"wp","href":"https:\/\/api.w.org\/{rel}","templated":true}]}}