{"id":175593,"date":"2020-06-23T12:28:10","date_gmt":"2020-06-23T15:28:10","guid":{"rendered":"https:\/\/www.caririemacao.com\/1\/?p=175593"},"modified":"2020-06-23T12:28:10","modified_gmt":"2020-06-23T15:28:10","slug":"jovem-e-retirada-a-forca-de-carro-durante-corrida-por-app-e-executada-em-rua-de-goiania","status":"publish","type":"post","link":"https:\/\/www.caririemacao.com\/1\/2020\/06\/23\/jovem-e-retirada-a-forca-de-carro-durante-corrida-por-app-e-executada-em-rua-de-goiania\/","title":{"rendered":"Jovem \u00e9 retirada \u00e0 for\u00e7a de carro durante corrida por app e executada em rua de Goi\u00e2nia"},"content":{"rendered":"\n<p>Uma jovem de 25 anos foi morta com v\u00e1rios tiros, em\u00a0Goi\u00e2nia. Segundo a Pol\u00edcia Civil, Larissa de Sousa Primo foi abordada enquanto estava numa viagem em um carro de transporte por aplicativo, retirada de dentro dele e alvejada. No boletim de ocorr\u00eancia, parentes da v\u00edtima disseram que ela saiu para buscar uma moto e R$ 400 ap\u00f3s receber uma liga\u00e7\u00e3o do marido, que cumpre pena em regime fechado.<\/p>\n\n\n\n<p>De acordo com a corpora\u00e7\u00e3o, o esposo dela, Lucas Raphael Dion\u00edsio Bento, 26, \u00e9 l\u00edder de uma fac\u00e7\u00e3o criminosa e, em 2018, mandou tr\u00eas homens executarem Larissa porque &#8220;ela sabia de mais sobre sua vida criminosa&#8221;.\u00a0Ela foi baleada enquanto amamentava o filho, mas sobreviveu.\u00a0O pai dela tentou defend\u00ea-la, foi atingido nas costas e morreu.<\/p>\n\n\n\n<p>A morte de Larissa ocorreu na \u00faltima sexta-feira (19), no Jardim Primavera. A delegada Marcella Or\u00e7ai, respons\u00e1vel pelo caso, disse que mais de dez disparos foram efetuados. Ela disse que ainda \u00e9 prematuro passar informa\u00e7\u00f5es sobre a apura\u00e7\u00e3o, inclusive, sobre a poss\u00edvel participa\u00e7\u00e3o do marido dela.<\/p>\n\n\n\n<p>&#8220;N\u00e3o podemos falar que h\u00e1 suspeita disso [participa\u00e7\u00e3o do marido]. N\u00e3o podemos passar muitas informa\u00e7\u00f5es para n\u00e3o atrapalhar o caso. O que posso passar \u00e9 que eles tiraram ela do carro e a executaram na rua com disparos de uma arma calibre 380&#8221;, disse ao&nbsp;<strong>G1<\/strong>.<\/p>\n\n\n\n<p>Questionada pelo&nbsp;<strong>G1&nbsp;<\/strong>sobre a suposta liga\u00e7\u00e3o feita pelo detento de dentro do pres\u00eddio, a Diretoria-Geral de Administra\u00e7\u00e3o Penitenci\u00e1ria (DGAP) informou que &#8220;aguarda a notifica\u00e7\u00e3o oficial sobre o fato das autoridades policiais competentes para dar prosseguimento as medidas cab\u00edveis que o caso requer&#8221;.<\/p>\n\n\n\n<p>Testemunhas informaram que o ve\u00edculo foi abordado por tr\u00eas indiv\u00edduos em um Ford Fiesta de cor preta. Conforme a ocorr\u00eancia, os executores roubaram o celular do motorista de app, que fugiu do local.<\/p>\n\n\n\n<p>Ele voltou em seguida e disse \u00e0 pol\u00edcia que a jovem afirmou a ele que estava indo buscar a moto e o dinheiro. O condutor deve ser ouvido ainda nesta segunda-feira (22).<\/p>\n\n\n\n<p>O pai de Larissa, Ant\u00f4nio Pinto Primo, foi morto em novembro de 2018, num atentado no qual o alvo seria a pr\u00f3pria jovem, no Residencial Itaipu, em Aparecida de Goi\u00e2nia.<\/p>\n\n\n\n<p>De acordo com a pol\u00edcia, ordenados por Lucas Raphael, tr\u00eas homem invadiram a resid\u00eancia para matar Larissa. Ela foi baleada enquanto amamentava o filho, mas foi socorrida, levada ao hospital e sobreviveu.<\/p>\n\n\n\n<p>Ao tentar defend\u00ea-la, Ant\u00f4nio foi alvejado nas costas e n\u00e3o resistiu. O trio foi detido dias depois. Na ocasi\u00e3o, o delegado Danilo Proto disse que os presos confessaram que agiram a mando de Lucas.<\/p>\n\n\n\n<p>\u201cSegundo os tr\u00eas executores, o motivo do crime foi porque a mulher do Lucas tinha informa\u00e7\u00f5es relativas ao tr\u00e1fico de drogas e n\u00e3o tinha mais interesse em ficar com ele. Diante disso, ele demandou a execu\u00e7\u00e3o como uma queima de arquivo. Inclusive, eles poderiam at\u00e9 matar a crian\u00e7a, se fosse o caso\u201d, disse o delegado.<\/p>\n\n\n\n<p>Com G1<\/p>\n","protected":false},"excerpt":{"rendered":"<p>Uma jovem de 25 anos foi morta com v\u00e1rios tiros, em\u00a0Goi\u00e2nia. Segundo a Pol\u00edcia Civil, Larissa de Sousa Primo foi abordada enquanto estava numa viagem&hellip; <\/p>\n","protected":false},"author":1,"featured_media":175594,"comment_status":"closed","ping_status":"closed","sticky":false,"template":"","format":"standard","meta":{"sfsi_plus_gutenberg_text_before_share":"","sfsi_plus_gutenberg_show_text_before_share":"","sfsi_plus_gutenberg_icon_type":"","sfsi_plus_gutenberg_icon_alignemt":"","sfsi_plus_gutenburg_max_per_row":"","footnotes":""},"categories":[50,12],"tags":[],"class_list":["post-175593","post","type-post","status-publish","format-standard","has-post-thumbnail","hentry","category-destaque","category-policia"],"_links":{"self":[{"href":"https:\/\/www.caririemacao.com\/1\/wp-json\/wp\/v2\/posts\/175593","targetHints":{"allow":["GET"]}}],"collection":[{"href":"https:\/\/www.caririemacao.com\/1\/wp-json\/wp\/v2\/posts"}],"about":[{"href":"https:\/\/www.caririemacao.com\/1\/wp-json\/wp\/v2\/types\/post"}],"author":[{"embeddable":true,"href":"https:\/\/www.caririemacao.com\/1\/wp-json\/wp\/v2\/users\/1"}],"replies":[{"embeddable":true,"href":"https:\/\/www.caririemacao.com\/1\/wp-json\/wp\/v2\/comments?post=175593"}],"version-history":[{"count":1,"href":"https:\/\/www.caririemacao.com\/1\/wp-json\/wp\/v2\/posts\/175593\/revisions"}],"predecessor-version":[{"id":175595,"href":"https:\/\/www.caririemacao.com\/1\/wp-json\/wp\/v2\/posts\/175593\/revisions\/175595"}],"wp:featuredmedia":[{"embeddable":true,"href":"https:\/\/www.caririemacao.com\/1\/wp-json\/wp\/v2\/media\/175594"}],"wp:attachment":[{"href":"https:\/\/www.caririemacao.com\/1\/wp-json\/wp\/v2\/media?parent=175593"}],"wp:term":[{"taxonomy":"category","embeddable":true,"href":"https:\/\/www.caririemacao.com\/1\/wp-json\/wp\/v2\/categories?post=175593"},{"taxonomy":"post_tag","embeddable":true,"href":"https:\/\/www.caririemacao.com\/1\/wp-json\/wp\/v2\/tags?post=175593"}],"curies":[{"name":"wp","href":"https:\/\/api.w.org\/{rel}","templated":true}]}}