{"id":175599,"date":"2020-06-23T12:35:14","date_gmt":"2020-06-23T15:35:14","guid":{"rendered":"https:\/\/www.caririemacao.com\/1\/?p=175599"},"modified":"2020-06-23T12:35:14","modified_gmt":"2020-06-23T15:35:14","slug":"padrasto-e-preso-por-estuprar-enteada-de-9-anos-enquanto-mae-trabalhava","status":"publish","type":"post","link":"https:\/\/www.caririemacao.com\/1\/2020\/06\/23\/padrasto-e-preso-por-estuprar-enteada-de-9-anos-enquanto-mae-trabalhava\/","title":{"rendered":"Padrasto \u00e9 preso por estuprar enteada de 9 anos enquanto m\u00e3e trabalhava"},"content":{"rendered":"\n<p>Um homem de 33 anos foi preso na tarde desse s\u00e1bado (20\/06) suspeito de\u00a0estuprar, em mais de uma ocasi\u00e3o, a pr\u00f3pria enteada, uma crian\u00e7a de apenas 9 anos. Os abusos aconteciam em\u00a0Bonito\u00a0(MS).<\/p>\n\n\n\n<p>O criminoso abusava sexualmente da garota quando a esposa dele, m\u00e3e da menina, sa\u00eda para trabalhar. Os dois estavam casados h\u00e1 cerca de 10 anos. A mulher foi a autora da den\u00fancia.<\/p>\n\n\n\n<p>Com Metr\u00f3poles<\/p>\n","protected":false},"excerpt":{"rendered":"<p>Um homem de 33 anos foi preso na tarde desse s\u00e1bado (20\/06) suspeito de\u00a0estuprar, em mais de uma ocasi\u00e3o, a pr\u00f3pria enteada, uma crian\u00e7a de&hellip; <\/p>\n","protected":false},"author":1,"featured_media":175600,"comment_status":"closed","ping_status":"closed","sticky":false,"template":"","format":"standard","meta":{"sfsi_plus_gutenberg_text_before_share":"","sfsi_plus_gutenberg_show_text_before_share":"","sfsi_plus_gutenberg_icon_type":"","sfsi_plus_gutenberg_icon_alignemt":"","sfsi_plus_gutenburg_max_per_row":"","footnotes":""},"categories":[12],"tags":[],"class_list":["post-175599","post","type-post","status-publish","format-standard","has-post-thumbnail","hentry","category-policia"],"_links":{"self":[{"href":"https:\/\/www.caririemacao.com\/1\/wp-json\/wp\/v2\/posts\/175599","targetHints":{"allow":["GET"]}}],"collection":[{"href":"https:\/\/www.caririemacao.com\/1\/wp-json\/wp\/v2\/posts"}],"about":[{"href":"https:\/\/www.caririemacao.com\/1\/wp-json\/wp\/v2\/types\/post"}],"author":[{"embeddable":true,"href":"https:\/\/www.caririemacao.com\/1\/wp-json\/wp\/v2\/users\/1"}],"replies":[{"embeddable":true,"href":"https:\/\/www.caririemacao.com\/1\/wp-json\/wp\/v2\/comments?post=175599"}],"version-history":[{"count":1,"href":"https:\/\/www.caririemacao.com\/1\/wp-json\/wp\/v2\/posts\/175599\/revisions"}],"predecessor-version":[{"id":175601,"href":"https:\/\/www.caririemacao.com\/1\/wp-json\/wp\/v2\/posts\/175599\/revisions\/175601"}],"wp:featuredmedia":[{"embeddable":true,"href":"https:\/\/www.caririemacao.com\/1\/wp-json\/wp\/v2\/media\/175600"}],"wp:attachment":[{"href":"https:\/\/www.caririemacao.com\/1\/wp-json\/wp\/v2\/media?parent=175599"}],"wp:term":[{"taxonomy":"category","embeddable":true,"href":"https:\/\/www.caririemacao.com\/1\/wp-json\/wp\/v2\/categories?post=175599"},{"taxonomy":"post_tag","embeddable":true,"href":"https:\/\/www.caririemacao.com\/1\/wp-json\/wp\/v2\/tags?post=175599"}],"curies":[{"name":"wp","href":"https:\/\/api.w.org\/{rel}","templated":true}]}}