{"id":175658,"date":"2020-06-24T00:50:33","date_gmt":"2020-06-24T03:50:33","guid":{"rendered":"https:\/\/www.caririemacao.com\/1\/?p=175658"},"modified":"2020-06-24T00:50:33","modified_gmt":"2020-06-24T03:50:33","slug":"prefeitura-de-caraubas-recupera-passagem-molhada-do-rio-paraiba-apos-periodo-de-chuvas-fortes","status":"publish","type":"post","link":"https:\/\/www.caririemacao.com\/1\/2020\/06\/24\/prefeitura-de-caraubas-recupera-passagem-molhada-do-rio-paraiba-apos-periodo-de-chuvas-fortes\/","title":{"rendered":"Prefeitura de Cara\u00fabas recupera passagem molhada do rio Para\u00edba, ap\u00f3s per\u00edodo de chuvas fortes"},"content":{"rendered":"\n<p>A Secretaria de Obras P\u00fablicas e Servi\u00e7os Urbanos da Prefeitura Municipal de Cara\u00fabas realizou a recupera\u00e7\u00e3o da passagem molhada localizada no Rio Para\u00edba e que d\u00e1 acesso as comunidades de Ponta de Serra e Passagem, bem como, aos Severo na zona rural do munic\u00edpio.<\/p>\n\n\n\n<p><br>De acordo com Jos\u00e9 Marcelo Neves, secret\u00e1rio de Obras P\u00fablicas e Servi\u00e7os Urbanos, a recupera\u00e7\u00e3o s\u00f3 poss\u00edvel agora porque o n\u00edvel das \u00e1guas do Rio Para\u00edba baixaram permitindo que as m\u00e1quinas da Prefeitura pudessem fazer os servi\u00e7os necess\u00e1rios, como a coloca\u00e7\u00e3o de cascalho e recoloca\u00e7\u00e3o das manilhas que foram arrastadas pela correnteza forte do rio, disse ele.<\/p>\n\n\n\n<p><br>O prefeito Silvano Dudu afirmou que j\u00e1 manteve contato com o secret\u00e1rio de Estado da Infraestrutura, Deusdeth Queiroga, para que a obra da ponte de acesso fosse realizada. Mas a resposta do Governo do Estado detentor do projeto \u00e9 que em virtude da pandemia ocasionada pelo coronavirus as principais a\u00e7\u00f5es est\u00e3o voltadas para salvar vidas.<\/p>\n\n\n\n<p><br>Entendemos que o momento \u00e9 complicado e muito dif\u00edcil para se tocar obras de infraestrutura importantes em virtude do que o Estado vem sofrendo com o aumento de casos da COVID-19, por isso resolvemos com recursos pr\u00f3prios recuperar a passagem que j\u00e1 havia sido constru\u00edda por nossa gest\u00e3o em 2017, para facilitar o transito das pessoas que necessitam diariamente daquele acesso, disse o prefeito.<\/p>\n\n\n\n<p><br>Contudo, estamos tentando em contato com as autoridades estaduais garantir os recursos para termos em definitivo uma obra de infraestrutura melhor e que garanta a qualidade do acesso sem que anualmente, em virtude das cheias do rio tenhamos que sempre ter que recuperar aquela passagem de ve\u00edculos e pedestres, finalizou o prefeito Silvano Dudu.<\/p>\n\n\n\n<p><br>A SOPSUR utilizou os equipamentos pr\u00f3prios do munic\u00edpio, bem como, os servidores do quadro da Prefeitura e realizou a coloca\u00e7\u00e3o do material necess\u00e1rio para o melhoramento do acesso p\u00fablico. Com essa a\u00e7\u00e3o garantimos que as pessoas n\u00e3o ficar\u00e3o isoladas ou ter\u00e3o que percorrer atalhos mais longos para realizarem suas travessias para viagens e neg\u00f3cios, concluiu Jos\u00e9 Marcelo Neves.<\/p>\n\n\n\n<p>Fonte: SEPLACOM<br>Foto: Miguel Filho<\/p>\n","protected":false},"excerpt":{"rendered":"<p>A Secretaria de Obras P\u00fablicas e Servi\u00e7os Urbanos da Prefeitura Municipal de Cara\u00fabas realizou a recupera\u00e7\u00e3o da passagem molhada localizada no Rio Para\u00edba e que&hellip; <\/p>\n","protected":false},"author":1,"featured_media":175659,"comment_status":"closed","ping_status":"closed","sticky":false,"template":"","format":"standard","meta":{"sfsi_plus_gutenberg_text_before_share":"","sfsi_plus_gutenberg_show_text_before_share":"","sfsi_plus_gutenberg_icon_type":"","sfsi_plus_gutenberg_icon_alignemt":"","sfsi_plus_gutenburg_max_per_row":"","footnotes":""},"categories":[6,50],"tags":[],"class_list":["post-175658","post","type-post","status-publish","format-standard","has-post-thumbnail","hentry","category-cidades","category-destaque"],"_links":{"self":[{"href":"https:\/\/www.caririemacao.com\/1\/wp-json\/wp\/v2\/posts\/175658","targetHints":{"allow":["GET"]}}],"collection":[{"href":"https:\/\/www.caririemacao.com\/1\/wp-json\/wp\/v2\/posts"}],"about":[{"href":"https:\/\/www.caririemacao.com\/1\/wp-json\/wp\/v2\/types\/post"}],"author":[{"embeddable":true,"href":"https:\/\/www.caririemacao.com\/1\/wp-json\/wp\/v2\/users\/1"}],"replies":[{"embeddable":true,"href":"https:\/\/www.caririemacao.com\/1\/wp-json\/wp\/v2\/comments?post=175658"}],"version-history":[{"count":1,"href":"https:\/\/www.caririemacao.com\/1\/wp-json\/wp\/v2\/posts\/175658\/revisions"}],"predecessor-version":[{"id":175660,"href":"https:\/\/www.caririemacao.com\/1\/wp-json\/wp\/v2\/posts\/175658\/revisions\/175660"}],"wp:featuredmedia":[{"embeddable":true,"href":"https:\/\/www.caririemacao.com\/1\/wp-json\/wp\/v2\/media\/175659"}],"wp:attachment":[{"href":"https:\/\/www.caririemacao.com\/1\/wp-json\/wp\/v2\/media?parent=175658"}],"wp:term":[{"taxonomy":"category","embeddable":true,"href":"https:\/\/www.caririemacao.com\/1\/wp-json\/wp\/v2\/categories?post=175658"},{"taxonomy":"post_tag","embeddable":true,"href":"https:\/\/www.caririemacao.com\/1\/wp-json\/wp\/v2\/tags?post=175658"}],"curies":[{"name":"wp","href":"https:\/\/api.w.org\/{rel}","templated":true}]}}