{"id":175661,"date":"2020-06-24T00:57:27","date_gmt":"2020-06-24T03:57:27","guid":{"rendered":"https:\/\/www.caririemacao.com\/1\/?p=175661"},"modified":"2020-06-24T00:57:27","modified_gmt":"2020-06-24T03:57:27","slug":"construtora-inicia-reforma-da-escola-joao-antonio-de-souza-na-comunidade-da-passagem-em-caraubas","status":"publish","type":"post","link":"https:\/\/www.caririemacao.com\/1\/2020\/06\/24\/construtora-inicia-reforma-da-escola-joao-antonio-de-souza-na-comunidade-da-passagem-em-caraubas\/","title":{"rendered":"Construtora inicia reforma da Escola Jo\u00e3o Ant\u00f4nio de Souza na comunidade da Passagem em Cara\u00fabas"},"content":{"rendered":"\n<p>Foi iniciada na manh\u00e3 de hoje, dia 23 de Junho, v\u00e9spera do Dia de S\u00e3o Jo\u00e3o os servi\u00e7os de reforma da Escola Municipal Jo\u00e3o Ant\u00f4nio de Souza da comunidade de Passagem no munic\u00edpio de Cara\u00fabas. A construtora respons\u00e1vel j\u00e1 realizou a contrata\u00e7\u00e3o de m\u00e3o de obra local e iniciou a montagem do canteiro de obras.<\/p>\n\n\n\n<p><br>Segundo informa\u00e7\u00f5es do secret\u00e1rio de Obras do munic\u00edpio, Jos\u00e9 Marcelo, a construtora se comprometeu entregar toda reforma em 160 (cento e sessenta) dias, ou seja, no m\u00e1ximo em 04(quatro) meses teremos essa obra pronta para ser entregue a popula\u00e7\u00e3o, afirmou ele.<\/p>\n\n\n\n<p><br>Os recursos para a reforma da unidade de ensino s\u00f3 foram poss\u00edveis gra\u00e7as ao empenho do prefeito Silvano Dudu junto ao Deputado Estadual Adriano Galdino que apresentou emenda ao or\u00e7amento estadual na ordem de R$ 150.000,00 (Cento e cinquenta Mil Reais), j\u00e1 devidamente empenhado, contratado e pago.<\/p>\n\n\n\n<p><br>Cumprida as formalidade legais desde o processo de formaliza\u00e7\u00e3o do conv\u00eanio, empenhamento, libera\u00e7\u00e3o de recursos, realiza\u00e7\u00e3o de procedimento licitat\u00f3rio, contrata\u00e7\u00e3o de empresa, se levou mais de 60(sessenta) dias para que pud\u00e9ssemos realizar o sonho dessa comunidade, analisou o prefeito.<\/p>\n\n\n\n<p><br>Mas n\u00e3o vamos ficar apenas nessa reforma. Queremos muito mais para a Escola da Passagem e por isso elaboramos um projeto audacioso de amplia\u00e7\u00e3o futura que garantir\u00e1 ao pr\u00f3ximo gestor realizar um amplia\u00e7\u00e3o sem ter que se preocupar com o projeto. Tenho certeza que a partir do pr\u00f3ximo ano letivo todas as crian\u00e7as ir\u00e3o usufruir de um novo e moderno espa\u00e7o de ensino e lazer, concluiu o prefeito.<\/p>\n\n\n\n<p><br>A secret\u00e1ria da educa\u00e7\u00e3o Rhayanne Fernandes tamb\u00e9m falou da import\u00e2ncia da Escola da Passagem. N\u00e3o temos como agradecer ao prefeito e ao deputado que n\u00e3o mediram esfor\u00e7os em concretizar essa obra que se inicia hoje e que foi promessa de muitos, mas que somente a atual gest\u00e3o est\u00e1 tendo o zelo e o cuidado em efetivamente realizar, disse satisfeita a gestora da educa\u00e7\u00e3o municipal.<\/p>\n\n\n\n<p>Fonte: SEPLACOM<br>Foto: Miguel Filho<\/p>\n","protected":false},"excerpt":{"rendered":"<p>Foi iniciada na manh\u00e3 de hoje, dia 23 de Junho, v\u00e9spera do Dia de S\u00e3o Jo\u00e3o os servi\u00e7os de reforma da Escola Municipal Jo\u00e3o Ant\u00f4nio&hellip; <\/p>\n","protected":false},"author":1,"featured_media":175662,"comment_status":"closed","ping_status":"closed","sticky":false,"template":"","format":"standard","meta":{"sfsi_plus_gutenberg_text_before_share":"","sfsi_plus_gutenberg_show_text_before_share":"","sfsi_plus_gutenberg_icon_type":"","sfsi_plus_gutenberg_icon_alignemt":"","sfsi_plus_gutenburg_max_per_row":"","footnotes":""},"categories":[6,50],"tags":[],"class_list":["post-175661","post","type-post","status-publish","format-standard","has-post-thumbnail","hentry","category-cidades","category-destaque"],"_links":{"self":[{"href":"https:\/\/www.caririemacao.com\/1\/wp-json\/wp\/v2\/posts\/175661","targetHints":{"allow":["GET"]}}],"collection":[{"href":"https:\/\/www.caririemacao.com\/1\/wp-json\/wp\/v2\/posts"}],"about":[{"href":"https:\/\/www.caririemacao.com\/1\/wp-json\/wp\/v2\/types\/post"}],"author":[{"embeddable":true,"href":"https:\/\/www.caririemacao.com\/1\/wp-json\/wp\/v2\/users\/1"}],"replies":[{"embeddable":true,"href":"https:\/\/www.caririemacao.com\/1\/wp-json\/wp\/v2\/comments?post=175661"}],"version-history":[{"count":1,"href":"https:\/\/www.caririemacao.com\/1\/wp-json\/wp\/v2\/posts\/175661\/revisions"}],"predecessor-version":[{"id":175664,"href":"https:\/\/www.caririemacao.com\/1\/wp-json\/wp\/v2\/posts\/175661\/revisions\/175664"}],"wp:featuredmedia":[{"embeddable":true,"href":"https:\/\/www.caririemacao.com\/1\/wp-json\/wp\/v2\/media\/175662"}],"wp:attachment":[{"href":"https:\/\/www.caririemacao.com\/1\/wp-json\/wp\/v2\/media?parent=175661"}],"wp:term":[{"taxonomy":"category","embeddable":true,"href":"https:\/\/www.caririemacao.com\/1\/wp-json\/wp\/v2\/categories?post=175661"},{"taxonomy":"post_tag","embeddable":true,"href":"https:\/\/www.caririemacao.com\/1\/wp-json\/wp\/v2\/tags?post=175661"}],"curies":[{"name":"wp","href":"https:\/\/api.w.org\/{rel}","templated":true}]}}