{"id":175667,"date":"2020-06-24T01:07:17","date_gmt":"2020-06-24T04:07:17","guid":{"rendered":"https:\/\/www.caririemacao.com\/1\/?p=175667"},"modified":"2020-06-24T01:07:17","modified_gmt":"2020-06-24T04:07:17","slug":"secretaria-de-educacao-de-monteiro-entrega-premiacao-de-concurso-e-kits-nutricionais-aos-alunos-da-rede-municipal","status":"publish","type":"post","link":"https:\/\/www.caririemacao.com\/1\/2020\/06\/24\/secretaria-de-educacao-de-monteiro-entrega-premiacao-de-concurso-e-kits-nutricionais-aos-alunos-da-rede-municipal\/","title":{"rendered":"Secretaria de Educa\u00e7\u00e3o de Monteiro entrega premia\u00e7\u00e3o de concurso e kits nutricionais aos alunos da Rede Municipal"},"content":{"rendered":"\n<p><br>A Secretaria de Educa\u00e7\u00e3o do Munic\u00edpio de Monteiro realizou no \u00faltimo m\u00eas o Concurso De Produ\u00e7\u00e3o Textual com o tema: A Educa\u00e7\u00e3o em Monteiro em Tempos de Pandemia, Viv\u00eancias de Estudo no Ambiente Familiar.<\/p>\n\n\n\n<p>Para que houvesse a participa\u00e7\u00e3o de todo o alunado do Ensino Fundamental I, foram criadas categorias para que os alunos tamb\u00e9m pudessem se expressar e concorrer ao pr\u00eamio, como 1\u00ba e 2\u00ba ano \u2013 Produ\u00e7\u00e3o De Desenho; 3\u00ba ano \u2013 Produ\u00e7\u00e3o de Texto com o G\u00eanero Tirinha \u2013 Linguagem Verbal e N\u00e3o Verbal; 4\u00ba ano \u2013 Produ\u00e7\u00e3o de Texto Narrativo e 5\u00ba ano Produ\u00e7\u00e3o de Poema (com no m\u00ednimo 4 estrofes e no m\u00e1ximo de 10 estrofes).<\/p>\n\n\n\n<p>Os crit\u00e9rios de avalia\u00e7\u00e3o levaram em conta as normas de linguagem, como pontua\u00e7\u00e3o e concord\u00e2ncia, al\u00e9m da criatividade nas reda\u00e7\u00f5es e desenhos. O principal objetivo do concurso &nbsp;foi de aperfei\u00e7oar as pr\u00e1ticas de leitura e escrita mesmo em tempos de pandemia, incentivando a aprendizagem e valorizar as capacidades individuais dos alunos dos anos iniciais. A premia\u00e7\u00e3o recebida pelos alunos foi de um Kit escolar.<br>Al\u00e9m da entrega das premia\u00e7\u00f5es, as escolas da Rede Municipal tamb\u00e9m realizaram a terceira etapa da entrega dos kits nutricionais \u00e0s fam\u00edlias dos alunos matriculados.<br>&#8220;Uma alegria dupla tomou conta das escolas da Rede Municipal nesta semana com a entrega dos kits nutricionais e tamb\u00e9m com a entrega da premia\u00e7\u00e3o aos alunos que mais se destacaram no Concurso de Produ\u00e7\u00e3o Textual. Mesmo em meio a esta pandemia podemos proporcionar aos alunos momentos de felicidade como este&#8221;, comentou a secret\u00e1ria Ana Lima.<br>A prefeita Anna Lorena j\u00e1 havia anunciado os nomes dos ganhadores durante uma de suas entrevistas, onde presta contas \u00e0 popula\u00e7\u00e3o das a\u00e7\u00f5es da administra\u00e7\u00e3o municipal, assim como recebe pedidos da popula\u00e7\u00e3o interagindo sempre; bem como a entrega dos kits.<br>RESULTADO FINAL DO CONCURSO DE PRODU\u00c7\u00c3O TEXTUAL POR ESCOLA<\/p>\n\n\n\n<p><strong>CONCURSO DE PRODU\u00c7\u00c3O TEXTUAL<\/strong><\/p>\n\n\n\n<p><strong>TEMA: A EDUCA\u00c7\u00c3O EM MONTEIRO EM TEMPOS DE PANDEMIA, VIV\u00caNCIAS DE ESTUDO NO AMBIENTE FAMILIAR.<\/strong><\/p>\n\n\n\n<p><strong>CATEGORIAS<\/strong><\/p>\n\n\n\n<p><strong>1\u00ba E 2\u00ba ANO \u2013 PRODU\u00c7\u00c3O DE DESENHO<\/strong><\/p>\n\n\n\n<p><strong>3\u00ba ANO \u2013PRODU\u00c7\u00c3O DE TEXTO COM O G\u00caNERO TIRINHA \u2013 LINGUAGEM VERBAL E N\u00c3O VERBAL<\/strong><\/p>\n\n\n\n<p><strong>4\u00ba ANO \u2013 PRODU\u00c7\u00c3O DE UM TEXTO NARRATIVO<\/strong><\/p>\n\n\n\n<p><strong>5\u00ba ANO PRODU\u00c7\u00c3O DE UM POEMA COM NO M\u00cdNINO 4 ESTROFES E NO M\u00c1XIMO DE 10 ESTROFES<\/strong><\/p>\n\n\n\n<p><strong>RESULTADO FINAL DO CONCURSO DE PRODU\u00c7\u00c3O TEXTUAL POR ESCOLA<\/strong><\/p>\n\n\n\n<figure class=\"wp-block-table\"><table><tbody><tr><td><strong>ESCOLA MUNICIPAL TIRADENTES<\/strong><strong>&nbsp;<\/strong><\/td><\/tr><tr><td><strong>ESCOLA SERIADA 05 KITS DE PREMIA\u00c7\u00c3O 01 POR S\u00c9RIE\/ANO<\/strong><\/td><\/tr><tr><td><strong>TURMA<\/strong><\/td><td><strong>PROFESSORA<\/strong><\/td><td><strong>NOME DO ALUNO<\/strong><\/td><\/tr><tr><td><strong>1\u00ba A<\/strong><\/td><td><strong>M\u00f4nica<\/strong><\/td><td><strong>Antony Davi<\/strong><\/td><\/tr><tr><td><strong>2\u00ba B<\/strong><\/td><td><strong>Rejane<\/strong><\/td><td><strong>Isabel da Silva Rom\u00e3o<\/strong><\/td><\/tr><tr><td><strong>3\u00ba B<\/strong><\/td><td><strong>Josilene Galv\u00e3o<\/strong><\/td><td><strong>ThayaneAnaelly de Moraes Freitas<\/strong><\/td><\/tr><tr><td><strong>4\u00ba B<\/strong><\/td><td><strong>Alb\u00e9rio<\/strong><\/td><td><strong>Magda Soraya<\/strong><\/td><\/tr><tr><td><strong>5\u00ba B<\/strong><\/td><td><strong>Irabella<\/strong><\/td><td><strong>EvellynLorrany da Silva Farias<\/strong><\/td><\/tr><\/tbody><\/table><\/figure>\n\n\n\n<figure class=\"wp-block-table\"><table><tbody><tr><td><strong>ESCOLA MUNICIPAL PROFESSOR JOS\u00c9 DE ARAUJO VALEN\u00c7A<\/strong><strong>&nbsp;<\/strong><\/td><\/tr><tr><td><strong>ESCOLA SERIADA 05 KITS DE PREMIA\u00c7\u00c3O 01 POR S\u00c9RIE\/ANO<\/strong><\/td><\/tr><tr><td><strong>TURMA<\/strong><\/td><td><strong>PROFESSORA<\/strong><\/td><td><strong>NOME DO ALUNO<\/strong><\/td><\/tr><tr><td><strong>1\u00ba B<\/strong><\/td><td><strong>Terciane<\/strong><\/td><td><strong>Rafaela da Silva Melo<\/strong><\/td><\/tr><tr><td><strong>2\u00ba B<\/strong><\/td><td><strong>Fabiana<\/strong><\/td><td><strong>Giselly Oliveira da Silva<\/strong><\/td><\/tr><tr><td><strong>3\u00ba B<\/strong><\/td><td><strong>Josilene<\/strong><\/td><td><strong>Francisco Samuel<\/strong><\/td><\/tr><tr><td><strong>4\u00ba A<\/strong><\/td><td><strong>J\u00fanior<\/strong><\/td><td><strong>Yasmim Lorena Rodrigues da Costa<\/strong><\/td><\/tr><tr><td><strong>5\u00ba A<\/strong><\/td><td><strong>Joelma<\/strong><\/td><td><strong>EmillyAdriely Mendes Sousa<\/strong><\/td><\/tr><\/tbody><\/table><\/figure>\n\n\n\n<figure class=\"wp-block-table\"><table><tbody><tr><td><strong>ESCOLA MUNICIPAL T\u00c9RCIO CALDEIRA<\/strong><\/td><\/tr><tr><td><strong>ESCOLA MULTISSERIADA&nbsp; 03 KITS DE PREMIA\u00c7\u00c3O 01 KIT POR TURMA<\/strong><strong>&nbsp;<\/strong><\/td><\/tr><tr><td><strong>TURMA<\/strong><\/td><td><strong>PROFESSORA<\/strong><\/td><td><strong>NOME DO ALUNO<\/strong><\/td><\/tr><tr><td><strong>1\u00ba<\/strong><\/td><td><strong>Irene<\/strong><\/td><td><strong>Maria Luiza da Silva<\/strong><\/td><\/tr><tr><td><strong>2\u00ba<\/strong><\/td><td><strong>Danielle<\/strong><\/td><td><strong>Jos\u00e9 Rian<\/strong><\/td><\/tr><tr><td><strong>4\u00ba<\/strong><\/td><td><strong>Silvia Roberta<\/strong><\/td><td><strong>Rayane Aparecida Pinheiro Ferreira<\/strong><\/td><\/tr><\/tbody><\/table><\/figure>\n\n\n\n<figure class=\"wp-block-table\"><table><tbody><tr><td><strong>ESCOLA MUNICIPAL BEN\u00cdCIA ALVES DE LIMA<\/strong><\/td><\/tr><tr><td><strong>ESCOLA SERIADA \u2013 05 KITS DE PREMIA\u00c7\u00c3O 01 POR S\u00c9RIE\/ANO<\/strong><\/td><\/tr><tr><td><strong>TURMA<\/strong><\/td><td><strong>PROFESSORA<\/strong><\/td><td><strong>NOME DO ALUNO<\/strong><\/td><\/tr><tr><td><strong>1\u00ba<\/strong><\/td><td><strong>Vera<\/strong><\/td><td><strong>HerickRian Rodrigues da Costa<\/strong><\/td><\/tr><tr><td><strong>2\u00ba<\/strong><\/td><td><strong>Izenilda<\/strong><\/td><td><strong>Nayara Daiane Barros<\/strong><\/td><\/tr><tr><td><strong>3\u00ba<\/strong><\/td><td><strong>Claudinete<\/strong><\/td><td><strong>Lucas &#8230; Marques da Silva<\/strong><\/td><\/tr><tr><td><strong>4\u00ba<\/strong><\/td><td><strong>Nair L\u00facia<\/strong><\/td><td><strong>Maria J\u00falia Chagas Azevedo<\/strong><\/td><\/tr><tr><td><strong>5\u00ba<\/strong><\/td><td><strong>Joelma Berto<\/strong><\/td><td><strong>Pedro Miguel Ara\u00fajo Sousa<\/strong><\/td><\/tr><\/tbody><\/table><\/figure>\n\n\n\n<figure class=\"wp-block-table\"><table><tbody><tr><td><strong>ESCOLA MUNICIPAL LAURA LOPES FRAZ\u00c3O<\/strong><\/td><\/tr><tr><td><strong>ESCOLA SERIADA \u2013 05 KITS DE PREMIA\u00c7\u00c3O 01 POR S\u00c9RIE\/ANO<\/strong><\/td><\/tr><tr><td><strong>TURMA<\/strong><\/td><td><strong>PROFESSORA<\/strong><\/td><td><strong>NOME DO ALUNO<\/strong><\/td><\/tr><tr><td><strong>1\u00ba<\/strong><\/td><td><strong>Jucilene<\/strong><\/td><td><strong>Kauan Emanoel Silva Morais<\/strong><\/td><\/tr><tr><td><strong>2\u00ba<\/strong><\/td><td><strong>Maria do Carmo<\/strong><\/td><td><strong>Andr\u00e9 Felipe Arc\u00eanio Alves<\/strong><\/td><\/tr><tr><td><strong>3\u00ba<\/strong><\/td><td><strong>Lucimere<\/strong><\/td><td><strong>Yasmim Gabrielle Gomes da Silva<\/strong><\/td><\/tr><tr><td><strong>4\u00ba<\/strong><\/td><td><strong>Engracia<\/strong><\/td><td><strong>Luana Lorany Oliveira Silva<\/strong><\/td><\/tr><tr><td><strong>5\u00ba<\/strong><\/td><td><strong>Concei\u00e7\u00e3o<\/strong><\/td><td><strong>SteffanyKerollayne da Silva Sousa<\/strong><\/td><\/tr><\/tbody><\/table><\/figure>\n\n\n\n<figure class=\"wp-block-table\"><table><tbody><tr><td><strong>ESCOLA MUNICIPAL PROFESSORA MARIA LAURICEIA FREITAS<\/strong><strong>&nbsp;<\/strong><\/td><\/tr><tr><td><strong>ESCOLA SERIADA \u2013 03 KITS DE PREMIA\u00c7\u00c3O 01 POR S\u00c9RIE\/ANO<\/strong><\/td><\/tr><tr><td><strong>TURMA<\/strong><\/td><td><strong>PROFESSORA<\/strong><\/td><td><strong>NOME DO ALUNO<\/strong><\/td><\/tr><tr><td><strong>3\u00ba<\/strong><\/td><td><strong>Aparecida<\/strong><\/td><td><strong>Isabelly Brito Neves<\/strong><\/td><\/tr><tr><td><strong>4\u00ba A<\/strong><\/td><td><strong>Aldeane<\/strong><\/td><td><strong>CarlosEduardo Gomes de Oliveira<\/strong><\/td><\/tr><tr><td><strong>5\u00ba<\/strong><\/td><td><strong>Gismaelly<\/strong><\/td><td><strong>Katlyn Mayara do Nascimento Andrade<\/strong><\/td><\/tr><\/tbody><\/table><\/figure>\n\n\n\n<figure class=\"wp-block-table\"><table><tbody><tr><td><strong>ESCOLA MUNICIPAL NAPOLE\u00c3O SANTA CRUZ NETO<\/strong><strong>&nbsp;<\/strong><\/td><\/tr><tr><td><strong>ESCOLA SERIADA \u2013 05 KITS DE PREMIA\u00c7\u00c3O 01 POR S\u00c9RIE\/ANO<\/strong><\/td><\/tr><tr><td><strong>TURMA<\/strong><\/td><td><strong>PROFESSORA<\/strong><\/td><td><strong>NOME DO ALUNO<\/strong><\/td><\/tr><tr><td><strong>1\u00ba A<\/strong><\/td><td><strong>Isabela<\/strong><\/td><td><strong>Paloma Oliveira Chagas<\/strong><\/td><\/tr><tr><td><strong>2\u00ba A<\/strong><\/td><td><strong>Denny<\/strong><\/td><td><strong>Isa Clara Ferreira de Lima<\/strong><\/td><\/tr><tr><td><strong>3\u00ba B<\/strong><\/td><td><strong>Gilv\u00e2nia<\/strong><\/td><td><strong>Bruna Rhaquel Brito de Miranda<\/strong><\/td><\/tr><tr><td><strong>4\u00ba C<\/strong><\/td><td><strong>F\u00e1tima Almeida<\/strong><\/td><td><strong>Lucas Feitosa Arc\u00edlio<\/strong><\/td><\/tr><tr><td><strong>5\u00ba C<\/strong><\/td><td><strong>Dilma<\/strong><\/td><td><strong>Ana J\u00falia Bezerra da Costa<\/strong><\/td><\/tr><\/tbody><\/table><\/figure>\n\n\n\n<figure class=\"wp-block-table\"><table><tbody><tr><td><strong>ESCOLA MUNICIPAL PROFESSORA ADALICE REM\u00cdGIO GOMES<\/strong><strong>&nbsp;<\/strong><\/td><\/tr><tr><td><strong>ESCOLA SERIADA \u2013 05 KITS DE PREMIA\u00c7\u00c3O 01 POR S\u00c9RIE\/ANO<\/strong><\/td><\/tr><tr><td><strong>TURMA<\/strong><\/td><td><strong>PROFESSORA<\/strong><\/td><td><strong>NOME DO ALUNO<\/strong><\/td><\/tr><tr><td><strong>1\u00ba<\/strong><\/td><td><strong>B\u00e1rbara<\/strong><\/td><td><strong>Kaylan Emanuel Ferreira de Ara\u00fajo<\/strong><\/td><\/tr><tr><td><strong>2\u00ba<\/strong><\/td><td><strong>Clarissa<\/strong><\/td><td><strong>Alison dos Santos da Silva<\/strong><\/td><\/tr><tr><td><strong>3\u00baB<\/strong><\/td><td><strong>Simone<\/strong><\/td><td><strong>Giovani Ferreira da Silva<\/strong><\/td><\/tr><tr><td><strong>4\u00ba B<\/strong><\/td><td><strong>Alan<\/strong><\/td><td><strong>Pedro Anselmo<\/strong><\/td><\/tr><tr><td><strong>5\u00ba<\/strong><\/td><td><strong>Kellys Cristina<\/strong><\/td><td><strong>Joyce Ramos dos Santos<\/strong><\/td><\/tr><\/tbody><\/table><\/figure>\n\n\n\n<figure class=\"wp-block-table\"><table><tbody><tr><td><strong>ESCOLA MUNICIPAL MANOEL MACIEL<\/strong><strong>&nbsp;<\/strong><\/td><\/tr><tr><td><strong>ESCOLA MULTISSERIADA -01 KIT DE PREMIA\u00c7\u00c3O<\/strong><strong>&nbsp;<\/strong><\/td><\/tr><tr><td><strong>TURMA<\/strong><\/td><td><strong>PROFESSORA<\/strong><\/td><td><strong>NOME DO ALUNO<\/strong><\/td><\/tr><tr><td><strong>3\u00ba<\/strong><\/td><td><strong>Michelle<\/strong><\/td><td><strong>Kaik Emanuel<\/strong><\/td><\/tr><\/tbody><\/table><\/figure>\n\n\n\n<figure class=\"wp-block-table\"><table><tbody><tr><td><strong>ESCOLA MUNICIPAL JOS\u00c9 BELARMINO ALVES<\/strong><strong>&nbsp;<\/strong><\/td><\/tr><tr><td><strong>ESCOLA MULTISSERIADA -02 KITS DE PREMIA\u00c7\u00c3O<\/strong><strong>&nbsp;<\/strong><\/td><\/tr><tr><td><strong>TURMA<\/strong><\/td><td><strong>PROFESSORA<\/strong><\/td><td><strong>NOME DO ALUNO<\/strong><\/td><\/tr><tr><td><strong>2\u00ba<\/strong><\/td><td><strong>Dianete<\/strong><\/td><td><strong>Gabriel Alves Domingos<\/strong><\/td><\/tr><tr><td><strong>4\u00ba<\/strong><\/td><td><strong>Ailton<\/strong><\/td><td><strong>Larissa Ferreira Eus\u00e9bio<\/strong><\/td><\/tr><\/tbody><\/table><\/figure>\n\n\n\n<figure class=\"wp-block-table\"><table><tbody><tr><td><strong>ESCOLA MUNICIPAL TOBIAS REMIGIO GOMES<\/strong><\/td><\/tr><tr><td><strong>ESCOLA MULTISSERIADA -03 KITS DE PREMIA\u00c7\u00c3O<\/strong><strong>&nbsp;<\/strong><\/td><\/tr><tr><td><strong>TURMA<\/strong><\/td><td><strong>PROFESSORA<\/strong><\/td><td><strong>NOME DO ALUNO<\/strong><\/td><\/tr><tr><td><strong>1\u00ba<\/strong><\/td><td><strong>Ivanilsa<\/strong><\/td><td><strong>N\u00e3o teve participante<\/strong><\/td><\/tr><tr><td><strong>2\u00ba<\/strong><\/td><td><strong>Patr\u00edcia<\/strong><\/td><td><strong>Wallace Ruan Xavier Alves da Silva<\/strong><\/td><\/tr><tr><td><strong>4\u00ba<\/strong><\/td><td><strong>Jacinta<\/strong><\/td><td><strong>Iarley de Sousa Mendes<\/strong><\/td><\/tr><\/tbody><\/table><\/figure>\n\n\n\n<figure class=\"wp-block-table\"><table><tbody><tr><td><strong>ESCOLA MUNICIPAL BRISA NUNES BRAZ<\/strong><\/td><\/tr><tr><td><strong>ESCOLA SERIADA \u2013 05 KITS DE PREMIA\u00c7\u00c3O 01 POR S\u00c9RIE\/ANO<\/strong><\/td><\/tr><tr><td><strong>TURMA<\/strong><\/td><td><strong>PROFESSORA<\/strong><\/td><td><strong>NOME DO ALUNO<\/strong><\/td><\/tr><tr><td><strong>1\u00ba A<\/strong><\/td><td><strong>Maria do Carmo<\/strong><\/td><td><strong>David Matheus<\/strong><\/td><\/tr><tr><td><strong>2\u00ba A<\/strong><\/td><td><strong>Elizama (Luzineide)<\/strong><\/td><td><strong>David Bezerra Lima<\/strong><\/td><\/tr><tr><td><strong>3\u00ba A<\/strong><\/td><td><strong>Diana<\/strong><\/td><td><strong>Eriel Santos de Queiroz<\/strong><\/td><\/tr><tr><td><strong>4\u00ba B<\/strong><\/td><td><strong>Adriana<\/strong><\/td><td><strong>Rafaela Maria Fernandes da Silva<\/strong><\/td><\/tr><tr><td><strong>5\u00ba<\/strong><\/td><td><strong>Tha\u00edse<\/strong><\/td><td><strong>Shiva Alc\u00e2ntara<\/strong><\/td><\/tr><\/tbody><\/table><\/figure>\n\n\n\n<p><strong>COMISS\u00c3O JULGADORA DO CONCURSO DE PRODU\u00c7\u00c3O TEXTUAL \u2013 2020.<\/strong><\/p>\n\n\n\n<p>\u00b7&nbsp;&nbsp;&nbsp;&nbsp;&nbsp;&nbsp;&nbsp;&nbsp;&nbsp;<strong>Denise Batista<\/strong><\/p>\n\n\n\n<p>\u00b7&nbsp;&nbsp;&nbsp;&nbsp;&nbsp;&nbsp;&nbsp;&nbsp;&nbsp;<strong>Paula Frassinete<\/strong><\/p>\n\n\n\n<p>\u00b7&nbsp;&nbsp;&nbsp;&nbsp;&nbsp;&nbsp;&nbsp;&nbsp;&nbsp;<strong>Rog\u00e9rio Lima<\/strong><\/p>\n\n\n\n<p>\u00b7&nbsp;&nbsp;&nbsp;&nbsp;&nbsp;&nbsp;&nbsp;&nbsp;&nbsp;<strong>Ver\u00f4nica Teixeira<\/strong><\/p>\n","protected":false},"excerpt":{"rendered":"<p>A Secretaria de Educa\u00e7\u00e3o do Munic\u00edpio de Monteiro realizou no \u00faltimo m\u00eas o Concurso De Produ\u00e7\u00e3o Textual com o tema: A Educa\u00e7\u00e3o em Monteiro em&hellip; <\/p>\n","protected":false},"author":1,"featured_media":175668,"comment_status":"closed","ping_status":"closed","sticky":false,"template":"","format":"standard","meta":{"sfsi_plus_gutenberg_text_before_share":"","sfsi_plus_gutenberg_show_text_before_share":"","sfsi_plus_gutenberg_icon_type":"","sfsi_plus_gutenberg_icon_alignemt":"","sfsi_plus_gutenburg_max_per_row":"","footnotes":""},"categories":[6,50],"tags":[],"class_list":["post-175667","post","type-post","status-publish","format-standard","has-post-thumbnail","hentry","category-cidades","category-destaque"],"_links":{"self":[{"href":"https:\/\/www.caririemacao.com\/1\/wp-json\/wp\/v2\/posts\/175667","targetHints":{"allow":["GET"]}}],"collection":[{"href":"https:\/\/www.caririemacao.com\/1\/wp-json\/wp\/v2\/posts"}],"about":[{"href":"https:\/\/www.caririemacao.com\/1\/wp-json\/wp\/v2\/types\/post"}],"author":[{"embeddable":true,"href":"https:\/\/www.caririemacao.com\/1\/wp-json\/wp\/v2\/users\/1"}],"replies":[{"embeddable":true,"href":"https:\/\/www.caririemacao.com\/1\/wp-json\/wp\/v2\/comments?post=175667"}],"version-history":[{"count":1,"href":"https:\/\/www.caririemacao.com\/1\/wp-json\/wp\/v2\/posts\/175667\/revisions"}],"predecessor-version":[{"id":175669,"href":"https:\/\/www.caririemacao.com\/1\/wp-json\/wp\/v2\/posts\/175667\/revisions\/175669"}],"wp:featuredmedia":[{"embeddable":true,"href":"https:\/\/www.caririemacao.com\/1\/wp-json\/wp\/v2\/media\/175668"}],"wp:attachment":[{"href":"https:\/\/www.caririemacao.com\/1\/wp-json\/wp\/v2\/media?parent=175667"}],"wp:term":[{"taxonomy":"category","embeddable":true,"href":"https:\/\/www.caririemacao.com\/1\/wp-json\/wp\/v2\/categories?post=175667"},{"taxonomy":"post_tag","embeddable":true,"href":"https:\/\/www.caririemacao.com\/1\/wp-json\/wp\/v2\/tags?post=175667"}],"curies":[{"name":"wp","href":"https:\/\/api.w.org\/{rel}","templated":true}]}}