{"id":175853,"date":"2020-06-24T18:12:38","date_gmt":"2020-06-24T21:12:38","guid":{"rendered":"https:\/\/www.caririemacao.com\/1\/?p=175853"},"modified":"2020-06-24T18:12:38","modified_gmt":"2020-06-24T21:12:38","slug":"foragido-do-pb1-acusado-de-homicidios-e-roubo-e-recapturado-pela-policia-em-cidade-do-cariri","status":"publish","type":"post","link":"https:\/\/www.caririemacao.com\/1\/2020\/06\/24\/foragido-do-pb1-acusado-de-homicidios-e-roubo-e-recapturado-pela-policia-em-cidade-do-cariri\/","title":{"rendered":"Foragido do PB1, acusado de homic\u00eddios e roubo \u00e9 recapturado pela pol\u00edcia em cidade do Cariri"},"content":{"rendered":"\n<p>Um homem de 31 anos que estava foragido da Penitenci\u00e1ria de Seguran\u00e7a M\u00e1xima Doutor Romeu Gon\u00e7alves de Abrantes, a PB1, foi recapturado pela Pol\u00edcia Militar na manh\u00e3 desta quarta-feira (24) numa resid\u00eancia, na zona rural de Boa Vista, no Cariri paraibano.<\/p>\n\n\n\n<p>Contra Gerson Ferreira, conhecido como \u2018Gerson Bagaceira\u2019, haviam cinco mandados de pris\u00e3o em aberto, por homic\u00eddios e roubo, sendo um dos criminosos mais procurados da regi\u00e3o.<\/p>\n\n\n\n<p>A opera\u00e7\u00e3o que resultou na pris\u00e3o de Gerson foi realizada por policiais do 2\u00ba Batalh\u00e3o de Pol\u00edcia Militar nas proximidades do povoado do Arruda. Ap\u00f3s dilig\u00eancias, os militares chegaram a uma resid\u00eancia em Boa Vista, apontada como o esconderijo do criminoso.<\/p>\n\n\n\n<p>No local, foi encontrado uma espingarda, que foi apreendida e encaminhada junto com o foragido para a Central de Pol\u00edcia.<\/p>\n\n\n\n<p><em>Com Blog M\u00e1rcio Rangel<\/em><\/p>\n","protected":false},"excerpt":{"rendered":"<p>Um homem de 31 anos que estava foragido da Penitenci\u00e1ria de Seguran\u00e7a M\u00e1xima Doutor Romeu Gon\u00e7alves de Abrantes, a PB1, foi recapturado pela Pol\u00edcia Militar&hellip; <\/p>\n","protected":false},"author":2,"featured_media":175854,"comment_status":"closed","ping_status":"closed","sticky":false,"template":"","format":"standard","meta":{"sfsi_plus_gutenberg_text_before_share":"","sfsi_plus_gutenberg_show_text_before_share":"","sfsi_plus_gutenberg_icon_type":"","sfsi_plus_gutenberg_icon_alignemt":"","sfsi_plus_gutenburg_max_per_row":"","footnotes":""},"categories":[12],"tags":[],"class_list":["post-175853","post","type-post","status-publish","format-standard","has-post-thumbnail","hentry","category-policia"],"_links":{"self":[{"href":"https:\/\/www.caririemacao.com\/1\/wp-json\/wp\/v2\/posts\/175853","targetHints":{"allow":["GET"]}}],"collection":[{"href":"https:\/\/www.caririemacao.com\/1\/wp-json\/wp\/v2\/posts"}],"about":[{"href":"https:\/\/www.caririemacao.com\/1\/wp-json\/wp\/v2\/types\/post"}],"author":[{"embeddable":true,"href":"https:\/\/www.caririemacao.com\/1\/wp-json\/wp\/v2\/users\/2"}],"replies":[{"embeddable":true,"href":"https:\/\/www.caririemacao.com\/1\/wp-json\/wp\/v2\/comments?post=175853"}],"version-history":[{"count":1,"href":"https:\/\/www.caririemacao.com\/1\/wp-json\/wp\/v2\/posts\/175853\/revisions"}],"predecessor-version":[{"id":175855,"href":"https:\/\/www.caririemacao.com\/1\/wp-json\/wp\/v2\/posts\/175853\/revisions\/175855"}],"wp:featuredmedia":[{"embeddable":true,"href":"https:\/\/www.caririemacao.com\/1\/wp-json\/wp\/v2\/media\/175854"}],"wp:attachment":[{"href":"https:\/\/www.caririemacao.com\/1\/wp-json\/wp\/v2\/media?parent=175853"}],"wp:term":[{"taxonomy":"category","embeddable":true,"href":"https:\/\/www.caririemacao.com\/1\/wp-json\/wp\/v2\/categories?post=175853"},{"taxonomy":"post_tag","embeddable":true,"href":"https:\/\/www.caririemacao.com\/1\/wp-json\/wp\/v2\/tags?post=175853"}],"curies":[{"name":"wp","href":"https:\/\/api.w.org\/{rel}","templated":true}]}}