{"id":175858,"date":"2020-06-25T05:54:40","date_gmt":"2020-06-25T08:54:40","guid":{"rendered":"https:\/\/www.caririemacao.com\/1\/?p=175858"},"modified":"2020-06-25T05:54:40","modified_gmt":"2020-06-25T08:54:40","slug":"brasil-contabiliza-mais-de-1-100-mortes-por-covid-19-nas-ultimas-24-horas","status":"publish","type":"post","link":"https:\/\/www.caririemacao.com\/1\/2020\/06\/25\/brasil-contabiliza-mais-de-1-100-mortes-por-covid-19-nas-ultimas-24-horas\/","title":{"rendered":"Brasil contabiliza mais de 1.100 mortes por Covid-19 nas \u00faltimas 24 horas"},"content":{"rendered":"\n<p>De acordo com o Minist\u00e9rio da Sa\u00fade, nas \u00faltimas 24 horas, o\u00a0Brasil registrou 1.185 novos \u00f3bitos por Covid-19\u00a0e elevou o total de mortes para 53.830. A atualiza\u00e7\u00e3o di\u00e1ria traz um aumento de 2,2% no n\u00famero de \u00f3bitos em rela\u00e7\u00e3o a\u00a0ontem (23), quando o total estava em 52.645.<img decoding=\"async\" data-src=\"https:\/\/agenciabrasil.ebc.com.br\/ebc.png?id=1310212&amp;o=node\" alt=\"Para\u00edba Online \u2022 Brasil contabiliza mais de 1.100 mortes por Covid-19 nas \u00faltimas 24 horas\" src=\"data:image\/svg+xml;base64,PHN2ZyB3aWR0aD0iMSIgaGVpZ2h0PSIxIiB4bWxucz0iaHR0cDovL3d3dy53My5vcmcvMjAwMC9zdmciPjwvc3ZnPg==\" class=\"lazyload\"><\/p>\n\n\n\n<p>Na detec\u00e7\u00e3o de novos casos da doen\u00e7a, foram 42.725 novos diagn\u00f3sticos confirmados totalizando 1.188.631. O acr\u00e9scimo de pessoas infectadas marcou uma varia\u00e7\u00e3o de 3,7% sobre o n\u00famero de ontem, quando constava o total de 1.145.906 de pessoas infectadas.<\/p>\n\n\n\n<p>Do total, 484.893 est\u00e3o em observa\u00e7\u00e3o, 649.908 foram recuperados e 3.904 mortes est\u00e3o em investiga\u00e7\u00e3o.<\/p>\n\n\n\n<p>Os estados com maior n\u00famero de \u00f3bitos s\u00e3o S\u00e3o Paulo (13.352), Rio&nbsp;de Janeiro&nbsp;(9.295), Cear\u00e1 (5.815), Par\u00e1 (4.726) e Pernambuco (4.425). Ainda figuram entres os com altos \u00edndices de v\u00edtimas fatais em fun\u00e7\u00e3o da pandemia Amazonas (2.710), Maranh\u00e3o (1.836), Bahia (1.541), Esp\u00edrito Santo (1.463), Alagoas (938) e Para\u00edba (828).<\/p>\n\n\n\n<p>Os estados com mais casos confirmados da doen\u00e7a s\u00e3o S\u00e3o Paulo (238.822), Rio&nbsp;de Janeiro&nbsp;(103.493), Cear\u00e1 (99.578), Par\u00e1 (91.708) e Maranh\u00e3o (73.314).<\/p>\n","protected":false},"excerpt":{"rendered":"<p>De acordo com o Minist\u00e9rio da Sa\u00fade, nas \u00faltimas 24 horas, o\u00a0Brasil registrou 1.185 novos \u00f3bitos por Covid-19\u00a0e elevou o total de mortes para 53.830.&hellip; <\/p>\n","protected":false},"author":2,"featured_media":173521,"comment_status":"closed","ping_status":"closed","sticky":false,"template":"","format":"standard","meta":{"sfsi_plus_gutenberg_text_before_share":"","sfsi_plus_gutenberg_show_text_before_share":"","sfsi_plus_gutenberg_icon_type":"","sfsi_plus_gutenberg_icon_alignemt":"","sfsi_plus_gutenburg_max_per_row":"","footnotes":""},"categories":[2],"tags":[],"class_list":["post-175858","post","type-post","status-publish","format-standard","has-post-thumbnail","hentry","category-geral"],"_links":{"self":[{"href":"https:\/\/www.caririemacao.com\/1\/wp-json\/wp\/v2\/posts\/175858","targetHints":{"allow":["GET"]}}],"collection":[{"href":"https:\/\/www.caririemacao.com\/1\/wp-json\/wp\/v2\/posts"}],"about":[{"href":"https:\/\/www.caririemacao.com\/1\/wp-json\/wp\/v2\/types\/post"}],"author":[{"embeddable":true,"href":"https:\/\/www.caririemacao.com\/1\/wp-json\/wp\/v2\/users\/2"}],"replies":[{"embeddable":true,"href":"https:\/\/www.caririemacao.com\/1\/wp-json\/wp\/v2\/comments?post=175858"}],"version-history":[{"count":1,"href":"https:\/\/www.caririemacao.com\/1\/wp-json\/wp\/v2\/posts\/175858\/revisions"}],"predecessor-version":[{"id":175859,"href":"https:\/\/www.caririemacao.com\/1\/wp-json\/wp\/v2\/posts\/175858\/revisions\/175859"}],"wp:featuredmedia":[{"embeddable":true,"href":"https:\/\/www.caririemacao.com\/1\/wp-json\/wp\/v2\/media\/173521"}],"wp:attachment":[{"href":"https:\/\/www.caririemacao.com\/1\/wp-json\/wp\/v2\/media?parent=175858"}],"wp:term":[{"taxonomy":"category","embeddable":true,"href":"https:\/\/www.caririemacao.com\/1\/wp-json\/wp\/v2\/categories?post=175858"},{"taxonomy":"post_tag","embeddable":true,"href":"https:\/\/www.caririemacao.com\/1\/wp-json\/wp\/v2\/tags?post=175858"}],"curies":[{"name":"wp","href":"https:\/\/api.w.org\/{rel}","templated":true}]}}