{"id":175861,"date":"2020-06-25T05:57:20","date_gmt":"2020-06-25T08:57:20","guid":{"rendered":"https:\/\/www.caririemacao.com\/1\/?p=175861"},"modified":"2020-06-25T05:57:20","modified_gmt":"2020-06-25T08:57:20","slug":"parcial-paraiba-registra-mais-de-900-novos-casos-de-covid-19-em-24h","status":"publish","type":"post","link":"https:\/\/www.caririemacao.com\/1\/2020\/06\/25\/parcial-paraiba-registra-mais-de-900-novos-casos-de-covid-19-em-24h\/","title":{"rendered":"Parcial: Para\u00edba registra mais de 900 novos casos de Covid-19 em 24h"},"content":{"rendered":"\n<p>A Secretaria Estadual da Sa\u00fade divulgou nesta quarta-feira mais um boletim da Covi-19. De acordo com os dados, a Para\u00edba registrou 913 novos casos e 21 \u00f3bitos confirmados desde a \u00faltima atualiza\u00e7\u00e3o, 02 deles ocorridos nas \u00faltimas 24h.<\/p>\n\n\n\n<p>S\u00e3o 39.912 pessoas que j\u00e1 contra\u00edram a doen\u00e7a, 11.687 que j\u00e1 se recuperaram e 828 faleceram. At\u00e9 o momento, 115.367 testes para diagn\u00f3stico da Covid-19 j\u00e1 foram realizados.<\/p>\n\n\n\n<p>A ocupa\u00e7\u00e3o total de leitos de UTI (adulto, pedi\u00e1trico e obst\u00e9trico) em todo o estado \u00e9 de 64%. Fazendo um recorte apenas dos leitos de UTI para adultos na Regi\u00e3o Metropolitana de Jo\u00e3o Pessoa, a taxa de ocupa\u00e7\u00e3o chega a 69%.<\/p>\n\n\n\n<p>Em Campina Grande, est\u00e3o ocupados 70% dos leitos de UTI adulto e no sert\u00e3o, 51% dos leitos de UTI para adultos.&nbsp;O \u00edndice de Isolamento Social foi de apenas 35,6%, considerado baixo em rela\u00e7\u00e3o \u00e0 meta de 70% e \u00e0 m\u00ednima de 50%.<\/p>\n\n\n\n<p>Os casos confirmados est\u00e3o distribu\u00eddos por 216 dos 223 munic\u00edpios paraibanos:<\/p>\n\n\n\n<p>\u00c1gua Branca (20); Aguiar (10); Alagoa Grande (333); Alagoa Nova (139); Alagoinha (318); Alcantil (18); Algod\u00e3o de Janda\u00edra (2); Alhandra (286); Amparo (12); Aparecida (21); Ara\u00e7agi (201); Arara (66); Araruna (46); Areia (136); Areia de Bara\u00fanas (1); Areial (26); Aroeiras (74); Assun\u00e7\u00e3o (22); Baia da Trai\u00e7\u00e3o (140); Bananeiras (70); Bara\u00fana (95); Barra de Santa Rosa (18); Barra de Santana (44); Barra de S\u00e3o Miguel (6); Bayeux (767); Bel\u00e9m (204); Bel\u00e9m do Brejo do Cruz (7); Bernardino Batista (2); Boa Ventura (2); Boa Vista (48); Bom Jesus (3); Bom Sucesso (6); Bonito de Santa F\u00e9 (2); Boqueir\u00e3o (86); Borborema (4); Brejo do Cruz (72); Brejo dos Santos (4); Caapor\u00e3 (711); Cabaceiras (10); Cabedelo (1640); Cachoeira dos \u00cdndios (41); Cacimba de Areia (7); Cacimba de Dentro (40); Cacimbas (30); Cai\u00e7ara (130); Cajazeiras (419); Cajazeirinhas (1); Caldas Brand\u00e3o (58); Camala\u00fa (1); Campina Grande (5815); Capim (92); Cara\u00fabas (8); Carrapateira (4); Casserengue (93); Catingueira (11), Catol\u00e9 do Rocha (122); Caturit\u00e9 (50); Concei\u00e7\u00e3o (8); Condado (65); Conde (281); Congo (24); Coremas (25); Coxixola (9); Cruz do Esp\u00edrito Santo (180); Cubati (38); Cuit\u00e9 (68); Cuit\u00e9 de Mamanguape (37); Cuiteg\u00ed (92); Curral de Cima (15); Curral Velho (1),<\/p>\n\n\n\n<p>Dami\u00e3o (3); Desterro (25); Diamante (2); Dona In\u00eas (7); Duas Estradas (39); Emas (2); Esperan\u00e7a (213); Fagundes (36); Frei Martinho (1); Gado Bravo (55); Guarabira (1857); Gurinh\u00e9m (137); Gurj\u00e3o (18); Ibiara (9); Igaracy (2); Imaculada (11); Ing\u00e1 (249); Itabaiana (494); Itaporanga (22); Itapororoca (147); Itatuba (104); Jacara\u00fa (95); Jeric\u00f3 (3); Jo\u00e3o Pessoa (11130); Joca Claudino (1); Juarez T\u00e1vora (102); Juazeirinho (93); Junco do Serid\u00f3 (21); Juripiranga (259); Juru (9); Lagoa (3); Lagoa de Dentro (29); Lagoa Seca (344); Lastro (12); Livramento (28); Logradouro (39); Lucena (154); M\u00e3e d\u2019\u00c1gua (11); Malta (18); Mamanguape (1029); Mana\u00edra (7); Marca\u00e7\u00e3o (26); Mari (287); Mariz\u00f3polis (5); Massaranduba (118); Mataraca (81); Matinhas (34); Mato Grosso (7); Matureia (19); Mogeiro (55); Montadas (28); Monteiro (63); Mulungu (122); Natuba (32); Nazarezinho (4); Nova Floresta (11), Nova Olinda (5); Nova Palmeira (21); Olho D\u00b4\u00c1gua (28); Olivedos (26); Parari (4); Passagem (25); Patos (1134); Paulista (57); Pedra Lavrada (19); Pedras de Fogo (821); Pedro R\u00e9gis (11); Pianc\u00f3 (40); Picu\u00ed (67); Pilar (115); Pil\u00f5es (33); Pil\u00f5ezinhos (113); Pirpirituba (57); Pitimbu (432); Pocinhos (44); Po\u00e7o Dantas (1); Pombal (134); Princesa Isabel (37); Puxinan\u00e3 (148);<\/p>\n\n\n\n<p>Queimadas (391); Quixaba (24); Rem\u00edgio (137); Riach\u00e3o (19); Riach\u00e3o do Bacamarte (162); Riach\u00e3o do Po\u00e7o (22); Riacho de Santo Ant\u00f4nio (7); Riacho dos Cavalos (2); Rio Tinto (348); Salgadinho (9); Salgado de S\u00e3o Felix (86); Santa Cec\u00edlia (13); Santa Cruz (9); Santa Helena (9); Santa In\u00eas (5); Santa Luzia (158); Santa Rita (1162); Santa Terezinha (25); Santana de Mangueira (1); Santana dos Garrotes (2); Santo Andr\u00e9 (1); S\u00e3o Bentinho (20); S\u00e3o Bento (513); S\u00e3o Domingos do Cariri (3); S\u00e3o Francisco (7); S\u00e3o Jo\u00e3o do Cariri (23); S\u00e3o Jo\u00e3o do Rio do Peixe (29); S\u00e3o Jo\u00e3o do Tigre (3); S\u00e3o Jos\u00e9 da Lagoa Tapada (18); S\u00e3o Jos\u00e9 de Caiana (23); S\u00e3o Jos\u00e9 de Espinharas (5); S\u00e3o Jos\u00e9 de Piranhas (28); S\u00e3o Jos\u00e9 do Bonfim (44); S\u00e3o Jos\u00e9 do Brejo do Cruz (2); S\u00e3o Jos\u00e9 do Sabugi (138); S\u00e3o Jos\u00e9 dos Cordeiros (4); S\u00e3o Jos\u00e9 dos Ramos (70); S\u00e3o Mamede (25); S\u00e3o Miguel de Taipu (67); S\u00e3o Sebasti\u00e3o de Lagoa de Ro\u00e7a (101); S\u00e3o Sebasti\u00e3o do Umbuzeiro (4); S\u00e3o Vicente do Serid\u00f3 (18); Sap\u00e9 (444); Serra Branca (25); Serra da Ra\u00edz (12); Serra Grande (3); Serra Redonda (114); Serraria (22); Sert\u00e3ozinho (32); Sobrado (64); Sol\u00e2nea (135); Soledade (76); Sossego (4), Sousa (443); Sum\u00e9 (32);<\/p>\n\n\n\n<p>Tacima (51); Tapero\u00e1 (42); Tavares (25); Teixeira (57); Ten\u00f3rio (11); Triunfo (2); Uira\u00fana (17); Umbuzeiro (29); V\u00e1rzea (6); Vieir\u00f3polis (4); Vista Serrana (3), Zabel\u00ea (1).<\/p>\n\n\n\n<p>Dados Oficiais preliminares (fonte: SIM,e-sus VE e SIVEP) extra\u00eddos \u00e0s 10h do dia 24\/06, sujeitos a altera\u00e7\u00e3o por parte dos munic\u00edpios.<\/p>\n\n\n\n<p>21 \u00f3bitos foram registrados, 05 deles ocorridos nas \u00faltimas 48h.<\/p>\n\n\n\n<p>Mulher, 55 anos, residente em Cajazeiras. Portadora de neoplasia e doen\u00e7a neurol\u00f3gica. Inicio dos sintomas em 16\/05. Foi a \u00f3bito em hospital p\u00fablico em 23\/06.<\/p>\n\n\n\n<p>Homem, 50 anos, residente em Campina Grande. Hipertenso. In\u00edcio dos sintomas no dia 26\/05, foi a \u00f3bito em hospital p\u00fablico no dia 07\/06.<\/p>\n\n\n\n<p>Homem, 65 anos, residente em Campina Grande. N\u00e3o foram informadas comorbidades. In\u00edcio dos sintomas em 23\/05, foi a \u00f3bito em hospital p\u00fablico no dia 08\/06.<\/p>\n\n\n\n<p>Homem, 60 anos, residente em Campina Grande. Comorbidades n\u00e3o informadas. In\u00edcio dos sintomas em 20\/05, foi a \u00f3bito em hospital p\u00fablico no dia 20\/06.<\/p>\n\n\n\n<p>Homem, 96 anos, morador de Catingueira. Paciente com sequelas de AVC. In\u00edcio dos sintomas em 10\/06, foi a \u00f3bito em hospital p\u00fablico no dia 17\/06.<\/p>\n\n\n\n<p>Homem, 73 anos, morador de Desterro. Hipertenso. In\u00edcio dos sintomas em 10\/06, foi a \u00f3bito em hospital p\u00fablico no dia 23\/06.<\/p>\n\n\n\n<p>Homem, 56 anos, residente em Jo\u00e3o Pessoa. Comorbidades n\u00e3o informadas. In\u00edcio dos sintomas em 19\/04, foi a \u00f3bito em hospital p\u00fablico no dia 01\/05.<\/p>\n\n\n\n<p>Homem, 81 anos, morador de Jo\u00e3o Pessoa. Hipertenso. in\u00edcio dos sintomas em 30\/04, foi a \u00f3bito em hospital p\u00fablico no dia 24\/05.<\/p>\n\n\n\n<p>Homem, 38 anos, residente em Jo\u00e3o Pessoa. Sem informa\u00e7\u00e3o de comorbidade. In\u00edcio dos sintomas em 10\/05, foi a \u00f3bito em hospital p\u00fablico no dia 15\/05.<\/p>\n\n\n\n<p>Homem, 75 anos, residente em Jo\u00e3o Pessoa. Hipertenso, cardiopata. In\u00edcio dos sintomas em 26\/05, foi a \u00f3bito em hospital p\u00fablico no dia 22\/06.<\/p>\n\n\n\n<p>Mulher, 30 anos, residente em Jo\u00e3o Pessoa. Obesa. In\u00edcio dos sintomas em 29\/05, foi a \u00f3bito em hospital p\u00fablico no dia 09\/06.<\/p>\n\n\n\n<p>Mulher, 80 anos, residente em Jo\u00e3o Pessoa. Portadora de doen\u00e7a neurol\u00f3gica. In\u00edcio dos sintomas em 06\/06, foi a \u00f3bito em sua resid\u00eancia no dia 13\/06.<\/p>\n\n\n\n<p>Mulher, 79 anos, residente em Jo\u00e3o Pessoa. Hipertensa e Diab\u00e9tica. In\u00edcio dos sintomas em 03\/05, foi a \u00f3bito em hospital p\u00fablico no dia 03\/06.<\/p>\n\n\n\n<p>Mulher, 58 anos, residente em Jo\u00e3o Pessoa. Portadora de neoplasia. In\u00edcio dos sintomas em 31\/05, foi a \u00f3bito em hospital p\u00fablico no dia 05\/06.<\/p>\n\n\n\n<p>Homem, 80 anos, residente em Jo\u00e3o Pessoa. Hipertenso, Portador de doen\u00e7a neurol\u00f3gica. In\u00edcio dos sintomas em 29\/05, foi a \u00f3bito em hospital p\u00fablico no dia 09\/06.<\/p>\n\n\n\n<p>Mulher, 56 anos, residente em Jo\u00e3o Pessoa. Diab\u00e9tica. In\u00edcio dos sintomas em 20\/05, foi a \u00f3bito em hospital p\u00fablico no dia 16\/06.<\/p>\n\n\n\n<p>Homem, 87 anos, morador de Jo\u00e3o Pessoa. Sem Informa\u00e7\u00e3o de comorbidade. In\u00edcio dos sintomas em 30\/05, foi a \u00f3bito em hospital p\u00fablico no dia 13\/06.<\/p>\n\n\n\n<p>Mulher, 75 anos, moradora de Patos. Diab\u00e9tica. In\u00edcio dos sintomas em 13\/06, foi a \u00f3bito em hospital p\u00fablico no dia 16\/06.<\/p>\n\n\n\n<p>Homem, 68 anos, morador de Pirpirituba. Hipertenso e tabagista. In\u00edcio dos sintomas em 13\/06, foi a \u00f3bito em hospital p\u00fablico no dia 22\/06.<\/p>\n\n\n\n<p>Homem, 83 anos, residente em Santa Cruz. Diab\u00e9tico, cardiopata. In\u00edcio dos sintomas em 01\/06, foi a \u00f3bito em hospital p\u00fablico no dia 24\/06.<\/p>\n\n\n\n<p>Homem, 72 anos, residente em Rio Tinto. Hipertenso. In\u00edcio dos sintomas em 10\/06, foi a \u00f3bito em hospital p\u00fablico no dia 17\/06.<\/p>\n","protected":false},"excerpt":{"rendered":"<p>A Secretaria Estadual da Sa\u00fade divulgou nesta quarta-feira mais um boletim da Covi-19. De acordo com os dados, a Para\u00edba registrou 913 novos casos e&hellip; <\/p>\n","protected":false},"author":2,"featured_media":172830,"comment_status":"closed","ping_status":"closed","sticky":false,"template":"","format":"standard","meta":{"sfsi_plus_gutenberg_text_before_share":"","sfsi_plus_gutenberg_show_text_before_share":"","sfsi_plus_gutenberg_icon_type":"","sfsi_plus_gutenberg_icon_alignemt":"","sfsi_plus_gutenburg_max_per_row":"","footnotes":""},"categories":[50,2],"tags":[],"class_list":["post-175861","post","type-post","status-publish","format-standard","has-post-thumbnail","hentry","category-destaque","category-geral"],"_links":{"self":[{"href":"https:\/\/www.caririemacao.com\/1\/wp-json\/wp\/v2\/posts\/175861","targetHints":{"allow":["GET"]}}],"collection":[{"href":"https:\/\/www.caririemacao.com\/1\/wp-json\/wp\/v2\/posts"}],"about":[{"href":"https:\/\/www.caririemacao.com\/1\/wp-json\/wp\/v2\/types\/post"}],"author":[{"embeddable":true,"href":"https:\/\/www.caririemacao.com\/1\/wp-json\/wp\/v2\/users\/2"}],"replies":[{"embeddable":true,"href":"https:\/\/www.caririemacao.com\/1\/wp-json\/wp\/v2\/comments?post=175861"}],"version-history":[{"count":1,"href":"https:\/\/www.caririemacao.com\/1\/wp-json\/wp\/v2\/posts\/175861\/revisions"}],"predecessor-version":[{"id":175862,"href":"https:\/\/www.caririemacao.com\/1\/wp-json\/wp\/v2\/posts\/175861\/revisions\/175862"}],"wp:featuredmedia":[{"embeddable":true,"href":"https:\/\/www.caririemacao.com\/1\/wp-json\/wp\/v2\/media\/172830"}],"wp:attachment":[{"href":"https:\/\/www.caririemacao.com\/1\/wp-json\/wp\/v2\/media?parent=175861"}],"wp:term":[{"taxonomy":"category","embeddable":true,"href":"https:\/\/www.caririemacao.com\/1\/wp-json\/wp\/v2\/categories?post=175861"},{"taxonomy":"post_tag","embeddable":true,"href":"https:\/\/www.caririemacao.com\/1\/wp-json\/wp\/v2\/tags?post=175861"}],"curies":[{"name":"wp","href":"https:\/\/api.w.org\/{rel}","templated":true}]}}