{"id":175863,"date":"2020-06-25T05:58:51","date_gmt":"2020-06-25T08:58:51","guid":{"rendered":"https:\/\/www.caririemacao.com\/1\/?p=175863"},"modified":"2020-06-25T05:58:51","modified_gmt":"2020-06-25T08:58:51","slug":"policia-rodoviaria-federal-prende-homem-com-veiculo-alugado-que-nao-foi-devolvido","status":"publish","type":"post","link":"https:\/\/www.caririemacao.com\/1\/2020\/06\/25\/policia-rodoviaria-federal-prende-homem-com-veiculo-alugado-que-nao-foi-devolvido\/","title":{"rendered":"Pol\u00edcia Rodovi\u00e1ria Federal prende homem com ve\u00edculo alugado que n\u00e3o foi devolvido"},"content":{"rendered":"\n<p>Um homem foi detido e um ve\u00edculo apreendido na tarde desta quarta-feira (24), no km 84 da BR-101, em Bayeux, regi\u00e3o metropolitana de Jo\u00e3o Pessoa.<\/p>\n\n\n\n<p>A Pol\u00edcia Rodovi\u00e1ria Federal abordou o ve\u00edculo e, ap\u00f3s consulta no sistema de seguran\u00e7a, os policiais identificaram que o ve\u00edculo constava como alugado sem pagamento.<\/p>\n\n\n\n<p>O condutor alegou que negociou com a empresa para pagar o valor devido, mas n\u00e3o apresentou qualquer comprova\u00e7\u00e3o do acordo.<\/p>\n\n\n\n<p>O condutor foi encaminhado \u00e0 Pol\u00edcia Civil pelo crime de apropria\u00e7\u00e3o ind\u00e9bita e o ve\u00edculo foi apreendido.<\/p>\n","protected":false},"excerpt":{"rendered":"<p>Um homem foi detido e um ve\u00edculo apreendido na tarde desta quarta-feira (24), no km 84 da BR-101, em Bayeux, regi\u00e3o metropolitana de Jo\u00e3o Pessoa.&hellip; <\/p>\n","protected":false},"author":2,"featured_media":175864,"comment_status":"closed","ping_status":"closed","sticky":false,"template":"","format":"standard","meta":{"sfsi_plus_gutenberg_text_before_share":"","sfsi_plus_gutenberg_show_text_before_share":"","sfsi_plus_gutenberg_icon_type":"","sfsi_plus_gutenberg_icon_alignemt":"","sfsi_plus_gutenburg_max_per_row":"","footnotes":""},"categories":[12],"tags":[],"class_list":["post-175863","post","type-post","status-publish","format-standard","has-post-thumbnail","hentry","category-policia"],"_links":{"self":[{"href":"https:\/\/www.caririemacao.com\/1\/wp-json\/wp\/v2\/posts\/175863","targetHints":{"allow":["GET"]}}],"collection":[{"href":"https:\/\/www.caririemacao.com\/1\/wp-json\/wp\/v2\/posts"}],"about":[{"href":"https:\/\/www.caririemacao.com\/1\/wp-json\/wp\/v2\/types\/post"}],"author":[{"embeddable":true,"href":"https:\/\/www.caririemacao.com\/1\/wp-json\/wp\/v2\/users\/2"}],"replies":[{"embeddable":true,"href":"https:\/\/www.caririemacao.com\/1\/wp-json\/wp\/v2\/comments?post=175863"}],"version-history":[{"count":1,"href":"https:\/\/www.caririemacao.com\/1\/wp-json\/wp\/v2\/posts\/175863\/revisions"}],"predecessor-version":[{"id":175865,"href":"https:\/\/www.caririemacao.com\/1\/wp-json\/wp\/v2\/posts\/175863\/revisions\/175865"}],"wp:featuredmedia":[{"embeddable":true,"href":"https:\/\/www.caririemacao.com\/1\/wp-json\/wp\/v2\/media\/175864"}],"wp:attachment":[{"href":"https:\/\/www.caririemacao.com\/1\/wp-json\/wp\/v2\/media?parent=175863"}],"wp:term":[{"taxonomy":"category","embeddable":true,"href":"https:\/\/www.caririemacao.com\/1\/wp-json\/wp\/v2\/categories?post=175863"},{"taxonomy":"post_tag","embeddable":true,"href":"https:\/\/www.caririemacao.com\/1\/wp-json\/wp\/v2\/tags?post=175863"}],"curies":[{"name":"wp","href":"https:\/\/api.w.org\/{rel}","templated":true}]}}