{"id":175867,"date":"2020-06-25T06:01:02","date_gmt":"2020-06-25T09:01:02","guid":{"rendered":"https:\/\/www.caririemacao.com\/1\/?p=175867"},"modified":"2020-06-25T06:01:02","modified_gmt":"2020-06-25T09:01:02","slug":"municipio-de-sume-confirma-de-uma-so-vez-10-novos-casos-de-covid-19","status":"publish","type":"post","link":"https:\/\/www.caririemacao.com\/1\/2020\/06\/25\/municipio-de-sume-confirma-de-uma-so-vez-10-novos-casos-de-covid-19\/","title":{"rendered":"Munic\u00edpio de Sum\u00e9 confirma de uma s\u00f3 vez 10 novos casos de Covid-19"},"content":{"rendered":"\n<p>A Secret\u00e1ria de Sa\u00fade de Sum\u00e9 divulga a confirma\u00e7\u00e3o de 10 casos de Covid-19, de uma s\u00f3 vez no munic\u00edpio.<\/p>\n\n\n\n<p>Os novos casos confirmados de coronav\u00edrus, na data de hoje, tratam dos seguintes pacientes:<\/p>\n\n\n\n<p>1\u00ba caso: homem, 49 anos, com comorbidades, centro.<\/p>\n\n\n\n<p>2\u00ba caso: &nbsp;mulher, 47 anos, sem comorbidades, centro.<\/p>\n\n\n\n<p>3\u00ba caso: &nbsp;homem, 54 anos, com comorbidades, centro.<\/p>\n\n\n\n<p>4\u00ba caso: &nbsp;mulher, 19 anos, sem comorbidades, Alto Alegre.<\/p>\n\n\n\n<p>5\u00ba caso: mulher, 45 anos, com comorbidades, Alto Alegre.<\/p>\n\n\n\n<p>6\u00ba caso: mulher, 68 anos, com comorbidades, Alto Alegre.<\/p>\n\n\n\n<p>7\u00ba caso: mulher, 74 anos, com comorbidades, Alto Alegre.<\/p>\n\n\n\n<p>8\u00ba caso: mulher, 29 anos, sem comorbidades, Alto Alegre.<\/p>\n\n\n\n<p>9\u00ba caso: homem 29 anos, com comorbidades, Alto Alegre.<\/p>\n\n\n\n<p>10\u00b0 caso: homem, 38 anos, com comorbidades, zona rural.<\/p>\n\n\n\n<p>O munic\u00edpio de Sum\u00e9 tem 41 casos confirmados da doen\u00e7a e 18 recuperados.<\/p>\n\n\n\n<p>A Prefeitura refor\u00e7a a popula\u00e7\u00e3o a necessidade de manter o distanciamento social, usar m\u00e1scara e higienizar sempre as m\u00e3os.<\/p>\n\n\n\n<div class=\"wp-block-image\"><figure class=\"aligncenter\"><img decoding=\"async\" data-src=\"http:\/\/deolhonocariri.com.br\/wp-content\/uploads\/2020\/06\/sume.jpg\" alt=\"\" class=\"wp-image-84261 lazyload\" src=\"data:image\/svg+xml;base64,PHN2ZyB3aWR0aD0iMSIgaGVpZ2h0PSIxIiB4bWxucz0iaHR0cDovL3d3dy53My5vcmcvMjAwMC9zdmciPjwvc3ZnPg==\" \/><\/figure><\/div>\n\n\n\n<p><em>Ascom PMS <\/em><\/p>\n","protected":false},"excerpt":{"rendered":"<p>A Secret\u00e1ria de Sa\u00fade de Sum\u00e9 divulga a confirma\u00e7\u00e3o de 10 casos de Covid-19, de uma s\u00f3 vez no munic\u00edpio. Os novos casos confirmados de&hellip; <\/p>\n","protected":false},"author":2,"featured_media":175868,"comment_status":"closed","ping_status":"closed","sticky":false,"template":"","format":"standard","meta":{"sfsi_plus_gutenberg_text_before_share":"","sfsi_plus_gutenberg_show_text_before_share":"","sfsi_plus_gutenberg_icon_type":"","sfsi_plus_gutenberg_icon_alignemt":"","sfsi_plus_gutenburg_max_per_row":"","footnotes":""},"categories":[6,50,95],"tags":[],"class_list":["post-175867","post","type-post","status-publish","format-standard","has-post-thumbnail","hentry","category-cidades","category-destaque","category-sume"],"_links":{"self":[{"href":"https:\/\/www.caririemacao.com\/1\/wp-json\/wp\/v2\/posts\/175867","targetHints":{"allow":["GET"]}}],"collection":[{"href":"https:\/\/www.caririemacao.com\/1\/wp-json\/wp\/v2\/posts"}],"about":[{"href":"https:\/\/www.caririemacao.com\/1\/wp-json\/wp\/v2\/types\/post"}],"author":[{"embeddable":true,"href":"https:\/\/www.caririemacao.com\/1\/wp-json\/wp\/v2\/users\/2"}],"replies":[{"embeddable":true,"href":"https:\/\/www.caririemacao.com\/1\/wp-json\/wp\/v2\/comments?post=175867"}],"version-history":[{"count":1,"href":"https:\/\/www.caririemacao.com\/1\/wp-json\/wp\/v2\/posts\/175867\/revisions"}],"predecessor-version":[{"id":175869,"href":"https:\/\/www.caririemacao.com\/1\/wp-json\/wp\/v2\/posts\/175867\/revisions\/175869"}],"wp:featuredmedia":[{"embeddable":true,"href":"https:\/\/www.caririemacao.com\/1\/wp-json\/wp\/v2\/media\/175868"}],"wp:attachment":[{"href":"https:\/\/www.caririemacao.com\/1\/wp-json\/wp\/v2\/media?parent=175867"}],"wp:term":[{"taxonomy":"category","embeddable":true,"href":"https:\/\/www.caririemacao.com\/1\/wp-json\/wp\/v2\/categories?post=175867"},{"taxonomy":"post_tag","embeddable":true,"href":"https:\/\/www.caririemacao.com\/1\/wp-json\/wp\/v2\/tags?post=175867"}],"curies":[{"name":"wp","href":"https:\/\/api.w.org\/{rel}","templated":true}]}}