{"id":175871,"date":"2020-06-25T06:04:34","date_gmt":"2020-06-25T09:04:34","guid":{"rendered":"https:\/\/www.caririemacao.com\/1\/?p=175871"},"modified":"2020-06-25T06:04:34","modified_gmt":"2020-06-25T09:04:34","slug":"vereador-caririzeiro-sofre-acidente-na-pb-264","status":"publish","type":"post","link":"https:\/\/www.caririemacao.com\/1\/2020\/06\/25\/vereador-caririzeiro-sofre-acidente-na-pb-264\/","title":{"rendered":"Vereador caririzeiro sofre acidente na PB-264"},"content":{"rendered":"\n<p>O vereador Sebasti\u00e3o Nunes, (Bi\u00e3o) que conduzia um carro modelo Prisma, perdeu o controle do ve\u00edculo e saiu da pista na PB-264, na noite de quarta-feira (23), no munic\u00edpio de Monteiro, no Cariri da Para\u00edba.<\/p>\n\n\n\n<p>De acordo com informa\u00e7\u00f5es, o parlamentar monteirense perdeu o controle do ve\u00edculo quando tentou desviar de um buraco, e acabou saindo da pista, mas houve apenas danos materiais, e o vereador passa bem.<\/p>\n","protected":false},"excerpt":{"rendered":"<p>O vereador Sebasti\u00e3o Nunes, (Bi\u00e3o) que conduzia um carro modelo Prisma, perdeu o controle do ve\u00edculo e saiu da pista na PB-264, na noite de&hellip; <\/p>\n","protected":false},"author":2,"featured_media":175872,"comment_status":"closed","ping_status":"closed","sticky":false,"template":"","format":"standard","meta":{"sfsi_plus_gutenberg_text_before_share":"","sfsi_plus_gutenberg_show_text_before_share":"","sfsi_plus_gutenberg_icon_type":"","sfsi_plus_gutenberg_icon_alignemt":"","sfsi_plus_gutenburg_max_per_row":"","footnotes":""},"categories":[50,12],"tags":[],"class_list":["post-175871","post","type-post","status-publish","format-standard","has-post-thumbnail","hentry","category-destaque","category-policia"],"_links":{"self":[{"href":"https:\/\/www.caririemacao.com\/1\/wp-json\/wp\/v2\/posts\/175871","targetHints":{"allow":["GET"]}}],"collection":[{"href":"https:\/\/www.caririemacao.com\/1\/wp-json\/wp\/v2\/posts"}],"about":[{"href":"https:\/\/www.caririemacao.com\/1\/wp-json\/wp\/v2\/types\/post"}],"author":[{"embeddable":true,"href":"https:\/\/www.caririemacao.com\/1\/wp-json\/wp\/v2\/users\/2"}],"replies":[{"embeddable":true,"href":"https:\/\/www.caririemacao.com\/1\/wp-json\/wp\/v2\/comments?post=175871"}],"version-history":[{"count":1,"href":"https:\/\/www.caririemacao.com\/1\/wp-json\/wp\/v2\/posts\/175871\/revisions"}],"predecessor-version":[{"id":175873,"href":"https:\/\/www.caririemacao.com\/1\/wp-json\/wp\/v2\/posts\/175871\/revisions\/175873"}],"wp:featuredmedia":[{"embeddable":true,"href":"https:\/\/www.caririemacao.com\/1\/wp-json\/wp\/v2\/media\/175872"}],"wp:attachment":[{"href":"https:\/\/www.caririemacao.com\/1\/wp-json\/wp\/v2\/media?parent=175871"}],"wp:term":[{"taxonomy":"category","embeddable":true,"href":"https:\/\/www.caririemacao.com\/1\/wp-json\/wp\/v2\/categories?post=175871"},{"taxonomy":"post_tag","embeddable":true,"href":"https:\/\/www.caririemacao.com\/1\/wp-json\/wp\/v2\/tags?post=175871"}],"curies":[{"name":"wp","href":"https:\/\/api.w.org\/{rel}","templated":true}]}}