{"id":175875,"date":"2020-06-25T06:41:09","date_gmt":"2020-06-25T09:41:09","guid":{"rendered":"https:\/\/www.caririemacao.com\/1\/?p=175875"},"modified":"2020-06-25T06:41:09","modified_gmt":"2020-06-25T09:41:09","slug":"moraes-decide-soltar-sara-winter-mas-impoe-uso-de-tornozeleira-eletronica","status":"publish","type":"post","link":"https:\/\/www.caririemacao.com\/1\/2020\/06\/25\/moraes-decide-soltar-sara-winter-mas-impoe-uso-de-tornozeleira-eletronica\/","title":{"rendered":"Moraes decide soltar Sara Winter, mas imp\u00f5e uso de tornozeleira eletr\u00f4nica"},"content":{"rendered":"\n<h1 class=\"wp-block-heading\"><\/h1>\n\n\n\n<p>Ela ter\u00e1 que usar tornozeleira eletr\u00f4nica, assim como os outros cinco integrantes do grupo de extrema direita 300 do Brasil que estavam presos tamb\u00e9m por ordem do STF.<\/p>\n\n\n\n<p>Winter est\u00e1 entre os l\u00edderes do grupo, um dos respons\u00e1veis pelas manifesta\u00e7\u00f5es de apoio ao presidente Jair Bolsonaro nas \u00faltimas semanas em Bras\u00edlia e de ataques a integrantes do Congresso Nacional e do STF.<\/p>\n\n\n\n<p>Ela estava presa desde o dia 15. Foram duas pris\u00f5es tempor\u00e1rias de cinco dias determinadas por Alexandre de Moraes. Outros integrantes do 300 do Brasil tamb\u00e9m foram liberados. Sara estava no pres\u00eddio feminino da Colmeia, em cidade sat\u00e9lite de Bras\u00edlia.<\/p>\n\n\n\n<p>A PGR (Procuradoria-Geral da Rep\u00fablica) havia pedido as pris\u00f5es ap\u00f3s reunir ind\u00edcios de que o grupo vinha organizando e captando recursos financeiros para a\u00e7\u00f5es que se enquadram na Lei de Seguran\u00e7a Nacional, que define crimes contra a ordem pol\u00edtica e social.<\/p>\n\n\n\n<p>O objetivo das pris\u00f5es era o de ouvir os acusados e reunir informa\u00e7\u00f5es de como funciona o suposto esquema criminoso.<\/p>\n\n\n\n<p>Em depoimento \u00e0 PF no dia em que foi presa, a militante bolsonarista negou que ela e o seu grupo tenham tido envolvimento com o lan\u00e7amento de fogos de artif\u00edcio em dire\u00e7\u00e3o do pr\u00e9dio do STF no noite do dia 13, um s\u00e1bado.<\/p>\n\n\n\n<p>No dia 17, dois dias ap\u00f3s ser detida, a Procuradoria da Rep\u00fablica no Distrito Federal denunciou Winter por crimes de inj\u00faria e amea\u00e7a, praticados de forma continuada contra Alexandre de Moraes, segundo o MPF (Minist\u00e9rio P\u00fablico Federal).<\/p>\n","protected":false},"excerpt":{"rendered":"<p>Ela ter\u00e1 que usar tornozeleira eletr\u00f4nica, assim como os outros cinco integrantes do grupo de extrema direita 300 do Brasil que estavam presos tamb\u00e9m por&hellip; <\/p>\n","protected":false},"author":2,"featured_media":175876,"comment_status":"closed","ping_status":"closed","sticky":false,"template":"","format":"standard","meta":{"sfsi_plus_gutenberg_text_before_share":"","sfsi_plus_gutenberg_show_text_before_share":"","sfsi_plus_gutenberg_icon_type":"","sfsi_plus_gutenberg_icon_alignemt":"","sfsi_plus_gutenburg_max_per_row":"","footnotes":""},"categories":[2],"tags":[],"class_list":["post-175875","post","type-post","status-publish","format-standard","has-post-thumbnail","hentry","category-geral"],"_links":{"self":[{"href":"https:\/\/www.caririemacao.com\/1\/wp-json\/wp\/v2\/posts\/175875","targetHints":{"allow":["GET"]}}],"collection":[{"href":"https:\/\/www.caririemacao.com\/1\/wp-json\/wp\/v2\/posts"}],"about":[{"href":"https:\/\/www.caririemacao.com\/1\/wp-json\/wp\/v2\/types\/post"}],"author":[{"embeddable":true,"href":"https:\/\/www.caririemacao.com\/1\/wp-json\/wp\/v2\/users\/2"}],"replies":[{"embeddable":true,"href":"https:\/\/www.caririemacao.com\/1\/wp-json\/wp\/v2\/comments?post=175875"}],"version-history":[{"count":1,"href":"https:\/\/www.caririemacao.com\/1\/wp-json\/wp\/v2\/posts\/175875\/revisions"}],"predecessor-version":[{"id":175877,"href":"https:\/\/www.caririemacao.com\/1\/wp-json\/wp\/v2\/posts\/175875\/revisions\/175877"}],"wp:featuredmedia":[{"embeddable":true,"href":"https:\/\/www.caririemacao.com\/1\/wp-json\/wp\/v2\/media\/175876"}],"wp:attachment":[{"href":"https:\/\/www.caririemacao.com\/1\/wp-json\/wp\/v2\/media?parent=175875"}],"wp:term":[{"taxonomy":"category","embeddable":true,"href":"https:\/\/www.caririemacao.com\/1\/wp-json\/wp\/v2\/categories?post=175875"},{"taxonomy":"post_tag","embeddable":true,"href":"https:\/\/www.caririemacao.com\/1\/wp-json\/wp\/v2\/tags?post=175875"}],"curies":[{"name":"wp","href":"https:\/\/api.w.org\/{rel}","templated":true}]}}