{"id":175883,"date":"2020-06-25T06:46:54","date_gmt":"2020-06-25T09:46:54","guid":{"rendered":"https:\/\/www.caririemacao.com\/1\/?p=175883"},"modified":"2020-06-25T06:46:54","modified_gmt":"2020-06-25T09:46:54","slug":"temer-sarney-e-toffoli-desistem-de-participar-de-comicio-com-haddad-fhc-e-huck","status":"publish","type":"post","link":"https:\/\/www.caririemacao.com\/1\/2020\/06\/25\/temer-sarney-e-toffoli-desistem-de-participar-de-comicio-com-haddad-fhc-e-huck\/","title":{"rendered":"Temer, Sarney e Toffoli desistem de participar de com\u00edcio com Haddad, FHC e Huck"},"content":{"rendered":"\n<h1 class=\"wp-block-heading\"><\/h1>\n\n\n\n<p>O presidente do STF (Supremo Tribunal Federal), ministro Dias Toffoli, tamb\u00e9m anunciado pelos organizadores, n\u00e3o participar\u00e1.<\/p>\n\n\n\n<p>Temer j\u00e1 tinha enviado um v\u00eddeo de dois minutos em defesa da democracia e falando sobre o atual momento pol\u00edtico brasileiro.<\/p>\n\n\n\n<p>Ele disse a interlocutores, por\u00e9m, que percebeu que a inten\u00e7\u00e3o do grupo, al\u00e9m de defender a democracia, \u00e9 se colocar de forma contr\u00e1ria ao presidente Jair Bolsonaro.&nbsp;<\/p>\n\n\n\n<p>Pediu, ent\u00e3o, que sua grava\u00e7\u00e3o fosse retirada. E que sua presen\u00e7a n\u00e3o fosse mais anunciada.<\/p>\n\n\n\n<p>Temer acredita no modelo norte-americano, em que ex-presidentes evitam criticar seus sucessores, pelo peso do cargo que j\u00e1 exerceram.<\/p>\n\n\n\n<p>Sarney fez o mesmo. &#8220;Sempre fui a favor da democracia, nunca deixei de ser, e manifesto isso atrav\u00e9s de atos com posi\u00e7\u00e3o muito clara e decisiva. Mas tenho por norma, na minha idade n\u00e3o quero me meter mais em nenhuma a\u00e7\u00e3o partid\u00e1ria&#8221;, disse.<\/p>\n\n\n\n<p>&#8220;Nunca critiquei nem meus sucessores. Nem meus antecessores&#8221;, completa.<\/p>\n\n\n\n<p>A manifesta\u00e7\u00e3o virtual contar\u00e1 com a presen\u00e7a de personalidades como Fernando Haddad, Guilherme Boulos, Luciano Huck e Fernando Henrique Cardoso.<\/p>\n","protected":false},"excerpt":{"rendered":"<p>O presidente do STF (Supremo Tribunal Federal), ministro Dias Toffoli, tamb\u00e9m anunciado pelos organizadores, n\u00e3o participar\u00e1. Temer j\u00e1 tinha enviado um v\u00eddeo de dois minutos&hellip; <\/p>\n","protected":false},"author":2,"featured_media":175884,"comment_status":"closed","ping_status":"closed","sticky":false,"template":"","format":"standard","meta":{"sfsi_plus_gutenberg_text_before_share":"","sfsi_plus_gutenberg_show_text_before_share":"","sfsi_plus_gutenberg_icon_type":"","sfsi_plus_gutenberg_icon_alignemt":"","sfsi_plus_gutenburg_max_per_row":"","footnotes":""},"categories":[2],"tags":[],"class_list":["post-175883","post","type-post","status-publish","format-standard","has-post-thumbnail","hentry","category-geral"],"_links":{"self":[{"href":"https:\/\/www.caririemacao.com\/1\/wp-json\/wp\/v2\/posts\/175883","targetHints":{"allow":["GET"]}}],"collection":[{"href":"https:\/\/www.caririemacao.com\/1\/wp-json\/wp\/v2\/posts"}],"about":[{"href":"https:\/\/www.caririemacao.com\/1\/wp-json\/wp\/v2\/types\/post"}],"author":[{"embeddable":true,"href":"https:\/\/www.caririemacao.com\/1\/wp-json\/wp\/v2\/users\/2"}],"replies":[{"embeddable":true,"href":"https:\/\/www.caririemacao.com\/1\/wp-json\/wp\/v2\/comments?post=175883"}],"version-history":[{"count":1,"href":"https:\/\/www.caririemacao.com\/1\/wp-json\/wp\/v2\/posts\/175883\/revisions"}],"predecessor-version":[{"id":175885,"href":"https:\/\/www.caririemacao.com\/1\/wp-json\/wp\/v2\/posts\/175883\/revisions\/175885"}],"wp:featuredmedia":[{"embeddable":true,"href":"https:\/\/www.caririemacao.com\/1\/wp-json\/wp\/v2\/media\/175884"}],"wp:attachment":[{"href":"https:\/\/www.caririemacao.com\/1\/wp-json\/wp\/v2\/media?parent=175883"}],"wp:term":[{"taxonomy":"category","embeddable":true,"href":"https:\/\/www.caririemacao.com\/1\/wp-json\/wp\/v2\/categories?post=175883"},{"taxonomy":"post_tag","embeddable":true,"href":"https:\/\/www.caririemacao.com\/1\/wp-json\/wp\/v2\/tags?post=175883"}],"curies":[{"name":"wp","href":"https:\/\/api.w.org\/{rel}","templated":true}]}}