{"id":175887,"date":"2020-06-25T06:49:39","date_gmt":"2020-06-25T09:49:39","guid":{"rendered":"https:\/\/www.caririemacao.com\/1\/?p=175887"},"modified":"2020-06-25T06:49:39","modified_gmt":"2020-06-25T09:49:39","slug":"homens-ganharam-forca-fisica-para-proteger-a-mulher-diz-damares-ao-anunciar-medidas-contra-violencia","status":"publish","type":"post","link":"https:\/\/www.caririemacao.com\/1\/2020\/06\/25\/homens-ganharam-forca-fisica-para-proteger-a-mulher-diz-damares-ao-anunciar-medidas-contra-violencia\/","title":{"rendered":"&#8216;Homens ganharam for\u00e7a f\u00edsica para proteger a mulher&#8217;, diz Damares ao anunciar medidas contra viol\u00eancia"},"content":{"rendered":"\n<h1 class=\"wp-block-heading\"><\/h1>\n\n\n\n<p>&#8220;Voc\u00eas homens ganharam for\u00e7a f\u00edsica para proteger o ser mais extraordin\u00e1rio que \u00e9 a mulher. Protejam as mulheres&#8221;, destacou.<\/p>\n\n\n\n<p>Segundo o novo protocolo nacional, o sumi\u00e7o de uma mulher poder\u00e1 ser denunciado \u00e0 pol\u00edcia imediatamente. Dessa forma, o desaparecimento poder\u00e1 ser monitorado pelas for\u00e7as de seguran\u00e7a p\u00fablica desde cedo. Atualmente, \u00e9 necess\u00e1rio aguardar 48 horas para denunci\u00e1-lo.<\/p>\n\n\n\n<p>Al\u00e9m disso, o protocolo determina a instaura\u00e7\u00e3o imediata de inqu\u00e9rito policial nos casos de morte violenta de mulher e d\u00e1 aos atendimentos relacionados \u00e0s ocorr\u00eancias de feminic\u00eddio prioridade para realiza\u00e7\u00e3o de exames periciais.<\/p>\n\n\n\n<p>As mudan\u00e7as foram anunciadas em conjunto com o Minist\u00e9rio da Justi\u00e7a. &#8220;A pr\u00e1tica tem crescido 600% em alguns estados. Isso \u00e9 culpa de todos n\u00f3s, precisamos rever muitas coisas, como nossos valores. Tem gente que fala que n\u00e3o existe feminic\u00eddio, a nega\u00e7\u00e3o disso j\u00e1 \u00e9 um problema&#8221;, destacou a ministra.<\/p>\n\n\n\n<p>O texto do protocolo na \u00edntegra, entretanto, \u00e9 restrito \u00e0s autoridades policiais. O ministro Andr\u00e9 Mendon\u00e7a (Justi\u00e7a) informou apenas que o sigilo \u00e9 importante para &#8220;resguardar&#8221; as diretriz que o comp\u00f5e. O documento \u00e9 composto por 75 artigos.<\/p>\n\n\n\n<p>Segundo Mendon\u00e7a, a inten\u00e7\u00e3o \u00e9 que pol\u00edcias civis estaduais e do Distrito Federal e dos \u00f3rg\u00e3os de per\u00edcia cient\u00edfica criminal contem com um protocolo de padroniza\u00e7\u00e3o na investiga\u00e7\u00e3o e per\u00edcias de crimes de feminic\u00eddio.<\/p>\n\n\n\n<p>Isso contribuiria para preven\u00e7\u00e3o e fortalecimento das situa\u00e7\u00f5es que envolvem morte de mulheres decorrente de viol\u00eancia dom\u00e9stica e familiar, discrimina\u00e7\u00e3o de g\u00eanero e suas diversidades.<\/p>\n\n\n\n<p>&#8220;O protocolo traz orienta\u00e7\u00f5es, como preservar cena do crime, a forma de agir dos agentes de seguran\u00e7a, para que a primeira etapa j\u00e1 facilite todo trabalho de investiga\u00e7\u00e3o e apura\u00e7\u00e3o do crime&#8221;.<\/p>\n\n\n\n<p>A cria\u00e7\u00e3o do protocolo \u00e9 uma entrega que contempla pol\u00edticas p\u00fablicas estruturantes e de longo prazo, pilares consolidados na Pol\u00edtica Nacional de Seguran\u00e7a P\u00fablica e Defesa Social (PNSPDS) e no Sistema \u00danico de Seguran\u00e7a P\u00fablica (Susp).<\/p>\n\n\n\n<p>A elabora\u00e7\u00e3o do texto teve a participa\u00e7\u00e3o do F\u00f3rum Permanente de Enfrentamento \u00e0 Viol\u00eancia Contra a Mulher do Conselho Nacional dos Chefes de Pol\u00edcia Civil e do Conselho Nacional de Pol\u00edcia Cient\u00edfica.<\/p>\n\n\n\n<p>Desde 2015, homic\u00eddios praticados contra a mulher em decorr\u00eancia do simples fato de ela ser mulher, em contextos de viol\u00eancia dom\u00e9stica, de menosprezo ou discrimina\u00e7\u00e3o \u00e0 condi\u00e7\u00e3o da mulher s\u00e3o caracterizados como feminic\u00eddio.<\/p>\n\n\n\n<p>O ministro anunciou que pretende criar protocolo com foco em crimes cometidos tamb\u00e9m contra crian\u00e7as e adolescentes.<\/p>\n","protected":false},"excerpt":{"rendered":"<p>&#8220;Voc\u00eas homens ganharam for\u00e7a f\u00edsica para proteger o ser mais extraordin\u00e1rio que \u00e9 a mulher. Protejam as mulheres&#8221;, destacou. Segundo o novo protocolo nacional, o&hellip; <\/p>\n","protected":false},"author":2,"featured_media":175888,"comment_status":"closed","ping_status":"closed","sticky":false,"template":"","format":"standard","meta":{"sfsi_plus_gutenberg_text_before_share":"","sfsi_plus_gutenberg_show_text_before_share":"","sfsi_plus_gutenberg_icon_type":"","sfsi_plus_gutenberg_icon_alignemt":"","sfsi_plus_gutenburg_max_per_row":"","footnotes":""},"categories":[2],"tags":[],"class_list":["post-175887","post","type-post","status-publish","format-standard","has-post-thumbnail","hentry","category-geral"],"_links":{"self":[{"href":"https:\/\/www.caririemacao.com\/1\/wp-json\/wp\/v2\/posts\/175887","targetHints":{"allow":["GET"]}}],"collection":[{"href":"https:\/\/www.caririemacao.com\/1\/wp-json\/wp\/v2\/posts"}],"about":[{"href":"https:\/\/www.caririemacao.com\/1\/wp-json\/wp\/v2\/types\/post"}],"author":[{"embeddable":true,"href":"https:\/\/www.caririemacao.com\/1\/wp-json\/wp\/v2\/users\/2"}],"replies":[{"embeddable":true,"href":"https:\/\/www.caririemacao.com\/1\/wp-json\/wp\/v2\/comments?post=175887"}],"version-history":[{"count":1,"href":"https:\/\/www.caririemacao.com\/1\/wp-json\/wp\/v2\/posts\/175887\/revisions"}],"predecessor-version":[{"id":175889,"href":"https:\/\/www.caririemacao.com\/1\/wp-json\/wp\/v2\/posts\/175887\/revisions\/175889"}],"wp:featuredmedia":[{"embeddable":true,"href":"https:\/\/www.caririemacao.com\/1\/wp-json\/wp\/v2\/media\/175888"}],"wp:attachment":[{"href":"https:\/\/www.caririemacao.com\/1\/wp-json\/wp\/v2\/media?parent=175887"}],"wp:term":[{"taxonomy":"category","embeddable":true,"href":"https:\/\/www.caririemacao.com\/1\/wp-json\/wp\/v2\/categories?post=175887"},{"taxonomy":"post_tag","embeddable":true,"href":"https:\/\/www.caririemacao.com\/1\/wp-json\/wp\/v2\/tags?post=175887"}],"curies":[{"name":"wp","href":"https:\/\/api.w.org\/{rel}","templated":true}]}}