{"id":175895,"date":"2020-06-25T06:55:23","date_gmt":"2020-06-25T09:55:23","guid":{"rendered":"https:\/\/www.caririemacao.com\/1\/?p=175895"},"modified":"2020-06-25T06:55:23","modified_gmt":"2020-06-25T09:55:23","slug":"associacao-de-funcionarios-do-banco-mundial-pede-suspensao-da-nomeacao-de-weintraub","status":"publish","type":"post","link":"https:\/\/www.caririemacao.com\/1\/2020\/06\/25\/associacao-de-funcionarios-do-banco-mundial-pede-suspensao-da-nomeacao-de-weintraub\/","title":{"rendered":"Associa\u00e7\u00e3o de funcion\u00e1rios do Banco Mundial pede suspens\u00e3o da nomea\u00e7\u00e3o de Weintraub"},"content":{"rendered":"\n<h3 class=\"wp-block-heading\"><\/h3>\n\n\n\n<hr class=\"wp-block-separator\"\/>\n\n\n\n<p>A Associa\u00e7\u00e3o dos Funcion\u00e1rios do Banco Mundial (Bird) enviou uma carta nesta quarta-feira ao comit\u00ea de \u00e9tica da institui\u00e7\u00e3o contr\u00e1ria \u00e0 nomea\u00e7\u00e3o do ex-ministro da Educa\u00e7\u00e3o, Abraham Weintraub, para o cargo de diretor-executivo do banco. A entidade representativa pede que a indica\u00e7\u00e3o seja suspensa at\u00e9 que acusa\u00e7\u00f5es contra o economista brasileiro sejam analisadas pelo comit\u00ea. Apesar das resist\u00eancias, Weintraub n\u00e3o dever\u00e1, por\u00e9m, enfrentar grandes dificuldades para se eleger e cumprir, at\u00e9 o pr\u00f3ximo m\u00eas de outubro, o restante do mandato de F\u00e1bio Kanczuk \u2014 que deixou a fun\u00e7\u00e3o para ser diretor de Pol\u00edtica Econ\u00f4mica do Banco Central.<\/p>\n\n\n\n<p>No documento, a associa\u00e7\u00e3o diz que \u201cmuitos funcion\u00e1rios est\u00e3o profundamente perturbados\u201d com algumas atitudes do ex-ministro, entre elas o tweet em que culpa a China pela pandemia do novo coronav\u00edrus. A carta tamb\u00e9m menciona o fato de Weintraub ter sugerido a pris\u00e3o de ministros do Supremo Tribunal Federal (STF) e de ter feito pronunciamentos p\u00fablicos contr\u00e1rios aos direitos de minorias e a promo\u00e7\u00e3o da equidade racial.<\/p>\n\n\n\n<p>A associa\u00e7\u00e3o ressalta que, \u201capesar de essa nomea\u00e7\u00e3o ter sido condenada por m\u00faltiplos pa\u00edses clientes\u201d, os funcion\u00e1rios do banco entendem que a indica\u00e7\u00e3o \u00e9 uma prerrogativa do governo brasileiro. Mas fazem uma ressalva, afirmando que os membros da diretoria do banco precisam seguir o C\u00f3digo de \u00c9tica da institui\u00e7\u00e3o, tanto em sua vida privada, quanto em sua vida profissional.<\/p>\n\n\n\n<p>\u201cN\u00f3s, por isso, pedimos formalmente que o Comit\u00ea de \u00c9tica analise os fatos por tr\u00e1s das m\u00faltiplas alega\u00e7\u00f5es, com vista a (a) suspender sua nomea\u00e7\u00e3o at\u00e9 que as alega\u00e7\u00f5es possam ser analisadas, e (b) assegurar que o Sr. Weintraub seja informado que o tipo de comportamento que ele \u00e9 acusado \u00e9 completamente inaceit\u00e1vel nessa institui\u00e7\u00e3o\u201d, afirma a associa\u00e7\u00e3o.<\/p>\n\n\n\n<p>Os funcion\u00e1rios do banco ressaltam ainda que o Banco Mundial tomou medidas recentes para eliminar o racismo na institui\u00e7\u00e3o. \u201cIsso quer dizer um comprometimento de todos os funcion\u00e1rios e membros da diretoria a denunciar o racismo quando presenci\u00e1-lo\u201d. \u201cN\u00f3s acreditamos que o Comit\u00ea de \u00c9tica compartilha essa vis\u00e3o e far\u00e1 o poss\u00edvel para cumpri-la\u201d, completa.<\/p>\n\n\n\n<p>A press\u00e3o dos funcion\u00e1rios do banco se soma \u00e0 carta enviada na semana passada com quase 300 assinaturas de representantes da sociedade civil no Brasil \u00e0s embaixadas de pa\u00edses que integram o grupo, em Bras\u00edlia, com um apelo para que o ex-ministro n\u00e3o seja eleito para o cargo. Segundo o documento, a gest\u00e3o de Weintraub no MEC foi \u201cdestrutiva e venenosa\u201d.<\/p>\n","protected":false},"excerpt":{"rendered":"<p>A Associa\u00e7\u00e3o dos Funcion\u00e1rios do Banco Mundial (Bird) enviou uma carta nesta quarta-feira ao comit\u00ea de \u00e9tica da institui\u00e7\u00e3o contr\u00e1ria \u00e0 nomea\u00e7\u00e3o do ex-ministro da&hellip; <\/p>\n","protected":false},"author":2,"featured_media":175896,"comment_status":"closed","ping_status":"closed","sticky":false,"template":"","format":"standard","meta":{"sfsi_plus_gutenberg_text_before_share":"","sfsi_plus_gutenberg_show_text_before_share":"","sfsi_plus_gutenberg_icon_type":"","sfsi_plus_gutenberg_icon_alignemt":"","sfsi_plus_gutenburg_max_per_row":"","footnotes":""},"categories":[2],"tags":[],"class_list":["post-175895","post","type-post","status-publish","format-standard","has-post-thumbnail","hentry","category-geral"],"_links":{"self":[{"href":"https:\/\/www.caririemacao.com\/1\/wp-json\/wp\/v2\/posts\/175895","targetHints":{"allow":["GET"]}}],"collection":[{"href":"https:\/\/www.caririemacao.com\/1\/wp-json\/wp\/v2\/posts"}],"about":[{"href":"https:\/\/www.caririemacao.com\/1\/wp-json\/wp\/v2\/types\/post"}],"author":[{"embeddable":true,"href":"https:\/\/www.caririemacao.com\/1\/wp-json\/wp\/v2\/users\/2"}],"replies":[{"embeddable":true,"href":"https:\/\/www.caririemacao.com\/1\/wp-json\/wp\/v2\/comments?post=175895"}],"version-history":[{"count":1,"href":"https:\/\/www.caririemacao.com\/1\/wp-json\/wp\/v2\/posts\/175895\/revisions"}],"predecessor-version":[{"id":175897,"href":"https:\/\/www.caririemacao.com\/1\/wp-json\/wp\/v2\/posts\/175895\/revisions\/175897"}],"wp:featuredmedia":[{"embeddable":true,"href":"https:\/\/www.caririemacao.com\/1\/wp-json\/wp\/v2\/media\/175896"}],"wp:attachment":[{"href":"https:\/\/www.caririemacao.com\/1\/wp-json\/wp\/v2\/media?parent=175895"}],"wp:term":[{"taxonomy":"category","embeddable":true,"href":"https:\/\/www.caririemacao.com\/1\/wp-json\/wp\/v2\/categories?post=175895"},{"taxonomy":"post_tag","embeddable":true,"href":"https:\/\/www.caririemacao.com\/1\/wp-json\/wp\/v2\/tags?post=175895"}],"curies":[{"name":"wp","href":"https:\/\/api.w.org\/{rel}","templated":true}]}}