{"id":175902,"date":"2020-06-25T07:00:17","date_gmt":"2020-06-25T10:00:17","guid":{"rendered":"https:\/\/www.caririemacao.com\/1\/?p=175902"},"modified":"2020-06-25T07:00:17","modified_gmt":"2020-06-25T10:00:17","slug":"acho-dificil-superar-a-pandemia-com-esse-desgoverno-diz-carmen-lucia","status":"publish","type":"post","link":"https:\/\/www.caririemacao.com\/1\/2020\/06\/25\/acho-dificil-superar-a-pandemia-com-esse-desgoverno-diz-carmen-lucia\/","title":{"rendered":"Acho dif\u00edcil superar a pandemia com esse desgoverno, diz C\u00e1rmen L\u00facia"},"content":{"rendered":"\n<h1 class=\"wp-block-heading\"><\/h1>\n\n\n\n<p>A ministra do STF (Supremo Tribunal Federal) C\u00e1rmen L\u00facia criticou hoje a condu\u00e7\u00e3o do combate \u00e0 epidemia do novo coronav\u00edrus no Brasil por parte do poder p\u00fablico. \u201cO que o Supremo disse \u00e9 que a responsabilidade \u00e9 dos tr\u00eas n\u00edveis [federativos] \u2014 e n\u00e3o \u00e9 hierarquia, porque na federa\u00e7\u00e3o n\u00e3o h\u00e1 hierarquia \u2014- para estabelecer condi\u00e7\u00f5es necess\u00e1rias, de acordo com o que cientistas e m\u00e9dicos est\u00e3o dizendo que \u00e9 necess\u00e1rio, junto com governadores, junto com prefeitos. Acho muito dif\u00edcil superar [a pandemia] com esse descompasso, com esse desgoverno\u201d, afirmou L\u00facia.<\/p>\n\n\n\n<p>A ministra referia-se \u00e0 decis\u00e3o do STF de 15 de abril, em que a corte estabeleceu que e estados e munic\u00edpios tinham autonomia para definir as medidas de combate \u00e0 epidemia, como pol\u00edticas de distanciamento social. O julgamento foi considerado um rev\u00e9s para o presidente Jair Bolsonaro (sem partido), contr\u00e1rio \u00e0 ado\u00e7\u00e3o da quarentena como forma de impedir a propaga\u00e7\u00e3o do coronav\u00edrus. Para C\u00e1rmen L\u00facia, n\u00e3o \u00e9 momento de politicagem, mas de pol\u00edtica \u201cno sentido cl\u00e1ssico\u201d.<\/p>\n\n\n\n<p>\u201cA pol\u00edtica se faz com todo mundo, todos os cidad\u00e3os e para todos os cidad\u00e3os. N\u00e3o segundo a vis\u00e3o de um ou outro governante. Porque isso vai resultar em mortes, e haver\u00e1 responsabilidade por isso\u201d. afirmou<\/p>\n\n\n\n<p>A magistrada participou hoje de transmiss\u00e3o ao vivo do projeto \u201cConversas na Crise \u2013 Depois do Futuro\u201d, organizado pelo Instituto de Estudos Avan\u00e7ados (IdEA) da Unicamp em parceria com o UOL. A ministra C\u00e1rmen L\u00facia citou como exemplo a cidade de sua fam\u00edlia, em Minas Gerais, onde, segundo ela, n\u00e3o h\u00e1 respirador dispon\u00edvel. \u201cVamos convir que \u00e9 o prefeito de l\u00e1, junto com aqueles da regi\u00e3o, que t\u00eam de chegar a um consenso. \u00c9 muito diferente de outro lugar onde tenha hospitais em melhores condi\u00e7\u00f5es, como a realidade de S\u00e3o Paulo. O interior do Amazonas \u00e9 completamente diferente porque leva-se horas, quando n\u00e3o, dias, para ter acesso a um lugar onde tem o m\u00ednimo de condi\u00e7\u00f5es de tratamento.<\/p>\n","protected":false},"excerpt":{"rendered":"<p>A ministra do STF (Supremo Tribunal Federal) C\u00e1rmen L\u00facia criticou hoje a condu\u00e7\u00e3o do combate \u00e0 epidemia do novo coronav\u00edrus no Brasil por parte do&hellip; <\/p>\n","protected":false},"author":2,"featured_media":175903,"comment_status":"closed","ping_status":"closed","sticky":false,"template":"","format":"standard","meta":{"sfsi_plus_gutenberg_text_before_share":"","sfsi_plus_gutenberg_show_text_before_share":"","sfsi_plus_gutenberg_icon_type":"","sfsi_plus_gutenberg_icon_alignemt":"","sfsi_plus_gutenburg_max_per_row":"","footnotes":""},"categories":[2],"tags":[],"class_list":["post-175902","post","type-post","status-publish","format-standard","has-post-thumbnail","hentry","category-geral"],"_links":{"self":[{"href":"https:\/\/www.caririemacao.com\/1\/wp-json\/wp\/v2\/posts\/175902","targetHints":{"allow":["GET"]}}],"collection":[{"href":"https:\/\/www.caririemacao.com\/1\/wp-json\/wp\/v2\/posts"}],"about":[{"href":"https:\/\/www.caririemacao.com\/1\/wp-json\/wp\/v2\/types\/post"}],"author":[{"embeddable":true,"href":"https:\/\/www.caririemacao.com\/1\/wp-json\/wp\/v2\/users\/2"}],"replies":[{"embeddable":true,"href":"https:\/\/www.caririemacao.com\/1\/wp-json\/wp\/v2\/comments?post=175902"}],"version-history":[{"count":1,"href":"https:\/\/www.caririemacao.com\/1\/wp-json\/wp\/v2\/posts\/175902\/revisions"}],"predecessor-version":[{"id":175904,"href":"https:\/\/www.caririemacao.com\/1\/wp-json\/wp\/v2\/posts\/175902\/revisions\/175904"}],"wp:featuredmedia":[{"embeddable":true,"href":"https:\/\/www.caririemacao.com\/1\/wp-json\/wp\/v2\/media\/175903"}],"wp:attachment":[{"href":"https:\/\/www.caririemacao.com\/1\/wp-json\/wp\/v2\/media?parent=175902"}],"wp:term":[{"taxonomy":"category","embeddable":true,"href":"https:\/\/www.caririemacao.com\/1\/wp-json\/wp\/v2\/categories?post=175902"},{"taxonomy":"post_tag","embeddable":true,"href":"https:\/\/www.caririemacao.com\/1\/wp-json\/wp\/v2\/tags?post=175902"}],"curies":[{"name":"wp","href":"https:\/\/api.w.org\/{rel}","templated":true}]}}