{"id":175910,"date":"2020-06-25T07:07:16","date_gmt":"2020-06-25T10:07:16","guid":{"rendered":"https:\/\/www.caririemacao.com\/1\/?p=175910"},"modified":"2020-06-25T07:07:16","modified_gmt":"2020-06-25T10:07:16","slug":"coronavirus-apos-duas-mortes-cidade-de-5-mil-habitantes-tem-toque-de-recolher","status":"publish","type":"post","link":"https:\/\/www.caririemacao.com\/1\/2020\/06\/25\/coronavirus-apos-duas-mortes-cidade-de-5-mil-habitantes-tem-toque-de-recolher\/","title":{"rendered":"Coronav\u00edrus: Ap\u00f3s duas mortes, cidade de 5 mil habitantes tem toque de recolher"},"content":{"rendered":"\n<h1 class=\"wp-block-heading\"><\/h1>\n\n\n\n<p>Nesta quarta-feira (24), depois de registrar&nbsp;58 casos positivos&nbsp;e a segunda morte pelo coronav\u00edrus, a prefeitura de&nbsp;Mendon\u00e7a, cidade de&nbsp;5.413&nbsp;habitantes, no interior de S\u00e3o Paulo, decretou toque de recolher . Nenhum morador poder\u00e1 sair de casa das 9 horas da noite \u00e0s 5 da manh\u00e3 seguinte, a n\u00e3o ser em caso de justificada necessidade. De acordo com o prefeito&nbsp;Antonino Caetano de Souza&nbsp;(SD), \u00e9 uma tentativa extrema de conter o v\u00edrus. S\u00f3 nesta ter\u00e7a-feira, 23, foram registrados&nbsp;<strong>13&nbsp;<\/strong>novos casos da doen\u00e7a \u2013 um deles resultou em morte.<\/p>\n\n\n\n<p>A cidade est\u00e1 na faixa laranja do Plano S\u00e3o Paulo de reabertura das atividades econ\u00f4micas, mas o decreto restringe o funcionamento do com\u00e9rcio para 4 horas di\u00e1rias, a fim de tentar conter a dissemina\u00e7\u00e3o. Conforme o prefeito, as medidas ter\u00e3o validade&nbsp;at\u00e9 que a curva de novos casos da doen\u00e7a pare de crescer,&nbsp;o que deve acontecer apenas na segunda semana de julho. Sem leitos de&nbsp;UTI, a prefeitura se v\u00ea obrigada a mandar os pacientes mais graves para hospitais de S\u00e3o Jos\u00e9 do Rio Preto. A cidade tem uma Unidade B\u00e1sica de Sa\u00fade (UBS) que funciona 24 horas.<\/p>\n\n\n\n<p>O avan\u00e7o da covid-19 assusta os moradores. A segunda v\u00edtima, uma mulher de 53 anos, era muito conhecida na cidade, segundo o empres\u00e1rio Eduardo Barbosa, o \u201cDu\u201d, dono de um restaurante. \u201cFechei quando a pandemia come\u00e7ou e sobrevivo dando consultoria, mas para outros comerciantes est\u00e1 dif\u00edcil.\u201d Ele conta que o munic\u00edpio tem prainhas formadas pelas barragens do Rio Tiet\u00ea e grande quantidade de ranchos de pesca e casas de veraneio. \u201cO fluxo de pessoas de fora \u00e9 muito grande e no come\u00e7o o pessoal n\u00e3o levou a s\u00e9rio. Era muita festa, churrasco e aglomera\u00e7\u00e3o. Deu nisso. Agora tem de fechar.\u201d<\/p>\n\n\n\n<p>A prefeitura informou que a prainha, a pista de caminhada e quadras de esportes est\u00e3o fechadas. A fiscaliza\u00e7\u00e3o passou a percorrer condom\u00ednios de ch\u00e1caras e ranchos para coibir festas e churrascos. Quem for apanhado sem m\u00e1scara na rua&nbsp;paga multa de R$ 49,91, dobrada em caso de reincid\u00eancia. Para o com\u00e9rcio que admitir pessoa sem o protetor,&nbsp;a multa inicial \u00e9 de R$ 499,91. A vigil\u00e2ncia epidemiol\u00f3gica faz a busca ativa de poss\u00edveis portadores, aplicando testes. O objetivo \u00e9 detectar os casos e iniciar o tratamento de forma precoce, isolando o paciente. \u201cEmbora o isolamento de casos positivos seja obrigat\u00f3rio, estamos com v\u00e1rias fam\u00edlias com 3 casos ou mais, o que indica que houve descuido\u201d, afirmou o prefeito.<\/p>\n\n\n\n<p>Mendon\u00e7a n\u00e3o \u00e9 a \u00fanica cidade pequena do Estado em que a covid-19 se alastrou. Em&nbsp;Gast\u00e3o Vidigal, com 4.808 moradores, foi registrado um recorde de 68 casos positivos e 10 mortes \u2013 um \u00f3bito a cada 480 pessoas, o que d\u00e1 uma letalidade de 208,3 mortes a cada 100 mil habitantes, o maior \u00edndice de S\u00e3o Paulo. Em Estrela d\u2019Oeste, com 8.208 habitantes, s\u00e3o 102 casos e 4 \u00f3bitos. Dos 645 munic\u00edpios paulistas,&nbsp;605&nbsp;j\u00e1 registram ao menos um caso de coronav\u00edrus. Entre as vinte menores cidades, apenas quatro \u2013 Fern\u00e3o, Arco \u00cdris, Mes\u00f3polis e Nova Cana\u00e3 Paulista \u2013 n\u00e3o t\u00eam casos positivos de coronav\u00edrus.<\/p>\n","protected":false},"excerpt":{"rendered":"<p>Nesta quarta-feira (24), depois de registrar&nbsp;58 casos positivos&nbsp;e a segunda morte pelo coronav\u00edrus, a prefeitura de&nbsp;Mendon\u00e7a, cidade de&nbsp;5.413&nbsp;habitantes, no interior de S\u00e3o Paulo, decretou toque&hellip; <\/p>\n","protected":false},"author":2,"featured_media":175911,"comment_status":"closed","ping_status":"closed","sticky":false,"template":"","format":"standard","meta":{"sfsi_plus_gutenberg_text_before_share":"","sfsi_plus_gutenberg_show_text_before_share":"","sfsi_plus_gutenberg_icon_type":"","sfsi_plus_gutenberg_icon_alignemt":"","sfsi_plus_gutenburg_max_per_row":"","footnotes":""},"categories":[2],"tags":[],"class_list":["post-175910","post","type-post","status-publish","format-standard","has-post-thumbnail","hentry","category-geral"],"_links":{"self":[{"href":"https:\/\/www.caririemacao.com\/1\/wp-json\/wp\/v2\/posts\/175910","targetHints":{"allow":["GET"]}}],"collection":[{"href":"https:\/\/www.caririemacao.com\/1\/wp-json\/wp\/v2\/posts"}],"about":[{"href":"https:\/\/www.caririemacao.com\/1\/wp-json\/wp\/v2\/types\/post"}],"author":[{"embeddable":true,"href":"https:\/\/www.caririemacao.com\/1\/wp-json\/wp\/v2\/users\/2"}],"replies":[{"embeddable":true,"href":"https:\/\/www.caririemacao.com\/1\/wp-json\/wp\/v2\/comments?post=175910"}],"version-history":[{"count":1,"href":"https:\/\/www.caririemacao.com\/1\/wp-json\/wp\/v2\/posts\/175910\/revisions"}],"predecessor-version":[{"id":175912,"href":"https:\/\/www.caririemacao.com\/1\/wp-json\/wp\/v2\/posts\/175910\/revisions\/175912"}],"wp:featuredmedia":[{"embeddable":true,"href":"https:\/\/www.caririemacao.com\/1\/wp-json\/wp\/v2\/media\/175911"}],"wp:attachment":[{"href":"https:\/\/www.caririemacao.com\/1\/wp-json\/wp\/v2\/media?parent=175910"}],"wp:term":[{"taxonomy":"category","embeddable":true,"href":"https:\/\/www.caririemacao.com\/1\/wp-json\/wp\/v2\/categories?post=175910"},{"taxonomy":"post_tag","embeddable":true,"href":"https:\/\/www.caririemacao.com\/1\/wp-json\/wp\/v2\/tags?post=175910"}],"curies":[{"name":"wp","href":"https:\/\/api.w.org\/{rel}","templated":true}]}}