{"id":175915,"date":"2020-06-25T07:11:29","date_gmt":"2020-06-25T10:11:29","guid":{"rendered":"https:\/\/www.caririemacao.com\/1\/?p=175915"},"modified":"2020-06-25T07:11:29","modified_gmt":"2020-06-25T10:11:29","slug":"ricardo-coutinho-descarta-reaproximacao-com-joao-azevedo-para-eleicoes-em-joao-pessoa","status":"publish","type":"post","link":"https:\/\/www.caririemacao.com\/1\/2020\/06\/25\/ricardo-coutinho-descarta-reaproximacao-com-joao-azevedo-para-eleicoes-em-joao-pessoa\/","title":{"rendered":"Ricardo Coutinho descarta reaproxima\u00e7\u00e3o com Jo\u00e3o Azev\u00eado para elei\u00e7\u00f5es em Jo\u00e3o Pessoa"},"content":{"rendered":"\n<h2 class=\"wp-block-heading\"><\/h2>\n\n\n\n<p>O ex-governador Ricardo Coutinho (PSB) descartou, nesta quarta-feira (24), construir uma alian\u00e7a com seu ex-aliado Jo\u00e3o Azev\u00eado (Cidadania) para as elei\u00e7\u00f5es municipais em Jo\u00e3o Pessoa, mas n\u00e3o descartou di\u00e1logos com qualquer outra for\u00e7a, nem com o atual prefeito Luciano Cartaxo (PSD).<br><br><br><br>Em entrevista ao jornalista Wellington Farias, no Instagram, Coutinho disse que n\u00e3o admite tal aproxima\u00e7\u00e3o por \u2018quest\u00e3o de car\u00e1ter e de postura\u2019 e criticou o governador por supostamente ter tra\u00eddo o projeto pol\u00edtico do PSB. \u201cAl\u00e9m dos erros que cometeu, todo o processo doloroso a diversos companheiros; n\u00e3o a mim, porque eu aguento pancada, mas eu me refiro a diversas pessoas que constru\u00edram tudo isso e tiveram um tratamento escandaloso, anormal\u201d, disse.<br><br><br><br>O ex-governador n\u00e3o descartou, no entanto, dialogar com outras lideran\u00e7as da Capital, desde que as ideias das gest\u00f5es do PSB possam ser colocadas. \u201cTem coisas que s\u00e3o inaceit\u00e1veis na vida e na pol\u00edtica. Eu n\u00e3o posso trabalhar com trai\u00e7\u00e3o, agora o resto da pol\u00edtica voc\u00ea discute, porque voc\u00ea discute programa\u201d, disse.<br><br><br><br><br>Al\u00e9m de admitir que lideran\u00e7as do PSB desejam que ele seja candidato, Coutinho citou o nome da esposa, Amanda Rodrigues, e do deputado federal Gerv\u00e1sio Maia (PSB) como poss\u00edveis nomes do partido para as elei\u00e7\u00f5es. \u201cSe Amanda for candidata, ser\u00e1 n\u00e3o porque \u00e9 minha esposa, mas por ser algu\u00e9m com capacidade enorme de gest\u00e3o p\u00fablica e com a condi\u00e7\u00e3o de cumprir um projeto que ela j\u00e1 fez parte. Da mesma forma, Gerv\u00e1sio Maia, que faz um grande mandato\u201d, avaliou.<br><br><br><br>Calv\u00e1rio<br><br><br><br><br><br>O ex-governador Ricardo Coutinho voltou a se defender das acusa\u00e7\u00f5es da Opera\u00e7\u00e3o Calv\u00e1rio, que investiga um esc\u00e2ndalo de corrup\u00e7\u00e3o no Governo da Para\u00edba, que teria desviado R$ 134 milh\u00f5es dos cofres p\u00fablicos. Embora n\u00e3o tenha refutado o m\u00e9rito do processo, ele disse que \u00e9 v\u00edtima de persegui\u00e7\u00e3o pol\u00edtica por causa das a\u00e7\u00f5es sociais que teria implementado durante os dois mandatos no Governo do Estado.<br><br><br><br><br>\u201cN\u00e3o existe e nem vai existir [provas], pois nunca houve nenhuma comprova\u00e7\u00e3o de atos il\u00edcitos meus. Quem me conhece sabe, ent\u00e3o essa coisa de achar que eu, porventura, possa estar incomodado al\u00e9m da injusti\u00e7a, evidentemente, incomodado com esse procedimento, essa opera\u00e7\u00e3o, essa persegui\u00e7\u00e3o, contra o projeto que eu represento, contra mim, particularmente\u201d, disse.<br><br><br><br><br><br>O ex-governador acrescentou que acredita que provar\u00e1 inoc\u00eancia. \u201cEu tenho a tranquilidade de dizer que eu estou jogando esse jogo e vou venc\u00ea-lo. N\u00e3o sei em que inst\u00e2ncia, mas vou venc\u00ea-lo, pois eu ainda acredito na Justi\u00e7a\u201d, repetiu.<\/p>\n","protected":false},"excerpt":{"rendered":"<p>O ex-governador Ricardo Coutinho (PSB) descartou, nesta quarta-feira (24), construir uma alian\u00e7a com seu ex-aliado Jo\u00e3o Azev\u00eado (Cidadania) para as elei\u00e7\u00f5es municipais em Jo\u00e3o Pessoa,&hellip; <\/p>\n","protected":false},"author":2,"featured_media":175916,"comment_status":"closed","ping_status":"closed","sticky":false,"template":"","format":"standard","meta":{"sfsi_plus_gutenberg_text_before_share":"","sfsi_plus_gutenberg_show_text_before_share":"","sfsi_plus_gutenberg_icon_type":"","sfsi_plus_gutenberg_icon_alignemt":"","sfsi_plus_gutenburg_max_per_row":"","footnotes":""},"categories":[2],"tags":[],"class_list":["post-175915","post","type-post","status-publish","format-standard","has-post-thumbnail","hentry","category-geral"],"_links":{"self":[{"href":"https:\/\/www.caririemacao.com\/1\/wp-json\/wp\/v2\/posts\/175915","targetHints":{"allow":["GET"]}}],"collection":[{"href":"https:\/\/www.caririemacao.com\/1\/wp-json\/wp\/v2\/posts"}],"about":[{"href":"https:\/\/www.caririemacao.com\/1\/wp-json\/wp\/v2\/types\/post"}],"author":[{"embeddable":true,"href":"https:\/\/www.caririemacao.com\/1\/wp-json\/wp\/v2\/users\/2"}],"replies":[{"embeddable":true,"href":"https:\/\/www.caririemacao.com\/1\/wp-json\/wp\/v2\/comments?post=175915"}],"version-history":[{"count":1,"href":"https:\/\/www.caririemacao.com\/1\/wp-json\/wp\/v2\/posts\/175915\/revisions"}],"predecessor-version":[{"id":175917,"href":"https:\/\/www.caririemacao.com\/1\/wp-json\/wp\/v2\/posts\/175915\/revisions\/175917"}],"wp:featuredmedia":[{"embeddable":true,"href":"https:\/\/www.caririemacao.com\/1\/wp-json\/wp\/v2\/media\/175916"}],"wp:attachment":[{"href":"https:\/\/www.caririemacao.com\/1\/wp-json\/wp\/v2\/media?parent=175915"}],"wp:term":[{"taxonomy":"category","embeddable":true,"href":"https:\/\/www.caririemacao.com\/1\/wp-json\/wp\/v2\/categories?post=175915"},{"taxonomy":"post_tag","embeddable":true,"href":"https:\/\/www.caririemacao.com\/1\/wp-json\/wp\/v2\/tags?post=175915"}],"curies":[{"name":"wp","href":"https:\/\/api.w.org\/{rel}","templated":true}]}}