{"id":175918,"date":"2020-06-25T07:14:26","date_gmt":"2020-06-25T10:14:26","guid":{"rendered":"https:\/\/www.caririemacao.com\/1\/?p=175918"},"modified":"2020-06-25T07:14:26","modified_gmt":"2020-06-25T10:14:26","slug":"alerta-nuvem-de-poeira-que-vem-do-deserto-do-saara-esta-a-caminho-das-americas","status":"publish","type":"post","link":"https:\/\/www.caririemacao.com\/1\/2020\/06\/25\/alerta-nuvem-de-poeira-que-vem-do-deserto-do-saara-esta-a-caminho-das-americas\/","title":{"rendered":"ALERTA: Nuvem de poeira que vem do deserto do Saara est\u00e1 a caminho das Am\u00e9ricas"},"content":{"rendered":"\n<p>Depois da nuvem de gafanhotos, as Am\u00e9ricas tamb\u00e9m podem enfrentar um outro fen\u00f4nemo: uma nuvem de poeira que se aproxima vinda do deserto do Saara. Especialistas costumam chamar o fen\u00f4meno de &#8220;nuvem de poeira Godzilla&#8221;, que ocorre todos os anos, mas imagens de sat\u00e9lite mostram que em 2020 ser\u00e1 mais intenso.&nbsp;<br><br><br>As imagens captadas por sat\u00e9lites j\u00e1 mostram uma mancha opaca cobrindo parte do Oceano Atl\u00e2ntico.&nbsp;<br><br><br><br>A Administra\u00e7\u00e3o Nacional Oce\u00e2nica e Atmosf\u00e9rica dos Estados Unidos estima que a nuvem avan\u00e7ar\u00e1 pelo Caribe e chegar\u00e1 ao norte da Am\u00e9rica do Sul, \u00e0 Am\u00e9rica Central e aos Estados Unidos.&nbsp;<br><br><br><br><br>Ainda de acordo com eles, a massa de ar extremamente seco e empoeirado \u00e9 conhecida como Camada de Ar Saariana e se forma sobre o deserto do Saara. Ela se move pelo Atl\u00e2ntico Norte a cada tr\u00eas a cinco dias durante o fim da primavera do Hemisf\u00e9rio Norte at\u00e9 o in\u00edcio do outono, atingindo o pico no fim de junho at\u00e9 meados de agosto. A camada pode ter 3km de espessura, informou a ag\u00eancia.&nbsp;<br><br><br><br>Pa\u00edses cariben\u00f5s j\u00e1 sentem o efeito da poeira e alertaram os moradores para se manterem em casa e usaram m\u00e1scara.&nbsp;<\/p>\n","protected":false},"excerpt":{"rendered":"<p>Depois da nuvem de gafanhotos, as Am\u00e9ricas tamb\u00e9m podem enfrentar um outro fen\u00f4nemo: uma nuvem de poeira que se aproxima vinda do deserto do Saara.&hellip; <\/p>\n","protected":false},"author":2,"featured_media":175919,"comment_status":"closed","ping_status":"closed","sticky":false,"template":"","format":"standard","meta":{"sfsi_plus_gutenberg_text_before_share":"","sfsi_plus_gutenberg_show_text_before_share":"","sfsi_plus_gutenberg_icon_type":"","sfsi_plus_gutenberg_icon_alignemt":"","sfsi_plus_gutenburg_max_per_row":"","footnotes":""},"categories":[2],"tags":[],"class_list":["post-175918","post","type-post","status-publish","format-standard","has-post-thumbnail","hentry","category-geral"],"_links":{"self":[{"href":"https:\/\/www.caririemacao.com\/1\/wp-json\/wp\/v2\/posts\/175918","targetHints":{"allow":["GET"]}}],"collection":[{"href":"https:\/\/www.caririemacao.com\/1\/wp-json\/wp\/v2\/posts"}],"about":[{"href":"https:\/\/www.caririemacao.com\/1\/wp-json\/wp\/v2\/types\/post"}],"author":[{"embeddable":true,"href":"https:\/\/www.caririemacao.com\/1\/wp-json\/wp\/v2\/users\/2"}],"replies":[{"embeddable":true,"href":"https:\/\/www.caririemacao.com\/1\/wp-json\/wp\/v2\/comments?post=175918"}],"version-history":[{"count":1,"href":"https:\/\/www.caririemacao.com\/1\/wp-json\/wp\/v2\/posts\/175918\/revisions"}],"predecessor-version":[{"id":175920,"href":"https:\/\/www.caririemacao.com\/1\/wp-json\/wp\/v2\/posts\/175918\/revisions\/175920"}],"wp:featuredmedia":[{"embeddable":true,"href":"https:\/\/www.caririemacao.com\/1\/wp-json\/wp\/v2\/media\/175919"}],"wp:attachment":[{"href":"https:\/\/www.caririemacao.com\/1\/wp-json\/wp\/v2\/media?parent=175918"}],"wp:term":[{"taxonomy":"category","embeddable":true,"href":"https:\/\/www.caririemacao.com\/1\/wp-json\/wp\/v2\/categories?post=175918"},{"taxonomy":"post_tag","embeddable":true,"href":"https:\/\/www.caririemacao.com\/1\/wp-json\/wp\/v2\/tags?post=175918"}],"curies":[{"name":"wp","href":"https:\/\/api.w.org\/{rel}","templated":true}]}}