{"id":175921,"date":"2020-06-25T07:16:21","date_gmt":"2020-06-25T10:16:21","guid":{"rendered":"https:\/\/www.caririemacao.com\/1\/?p=175921"},"modified":"2020-06-25T07:16:21","modified_gmt":"2020-06-25T10:16:21","slug":"monteiro-confirma-mais-5-novos-casos-do-coronavirus","status":"publish","type":"post","link":"https:\/\/www.caririemacao.com\/1\/2020\/06\/25\/monteiro-confirma-mais-5-novos-casos-do-coronavirus\/","title":{"rendered":"Monteiro confirma mais 5 novos casos do coronav\u00edrus"},"content":{"rendered":"\n<p>A Secretaria Municipal de Sa\u00fade de Monteiro informa que nesta quarta-feira, 24, tivemos mais cinco (05) novos casos CONFIRMADOS para Covid-19.<\/p>\n\n\n\n<p>Sendo quatro (04) pacientes com 14, 33, 40, e 41 anos do sexo masculino e um (01) paciente do sexo feminino com 59 anos.<\/p>\n\n\n\n<p>Todos permanecem em isolamento domiciliar, acompanhados pela Vigil\u00e2ncia em Sa\u00fade do Munic\u00edpio.<\/p>\n\n\n\n<p>Atestamos que nesta data foi registrado mais tr\u00eas (03) casos RECUPERADOS, totalizando, 33 casos recuperados da COVID 19.<\/p>\n","protected":false},"excerpt":{"rendered":"<p>A Secretaria Municipal de Sa\u00fade de Monteiro informa que nesta quarta-feira, 24, tivemos mais cinco (05) novos casos CONFIRMADOS para Covid-19. Sendo quatro (04) pacientes&hellip; <\/p>\n","protected":false},"author":2,"featured_media":175922,"comment_status":"closed","ping_status":"closed","sticky":false,"template":"","format":"standard","meta":{"sfsi_plus_gutenberg_text_before_share":"","sfsi_plus_gutenberg_show_text_before_share":"","sfsi_plus_gutenberg_icon_type":"","sfsi_plus_gutenberg_icon_alignemt":"","sfsi_plus_gutenburg_max_per_row":"","footnotes":""},"categories":[6,81],"tags":[],"class_list":["post-175921","post","type-post","status-publish","format-standard","has-post-thumbnail","hentry","category-cidades","category-monteiro"],"_links":{"self":[{"href":"https:\/\/www.caririemacao.com\/1\/wp-json\/wp\/v2\/posts\/175921","targetHints":{"allow":["GET"]}}],"collection":[{"href":"https:\/\/www.caririemacao.com\/1\/wp-json\/wp\/v2\/posts"}],"about":[{"href":"https:\/\/www.caririemacao.com\/1\/wp-json\/wp\/v2\/types\/post"}],"author":[{"embeddable":true,"href":"https:\/\/www.caririemacao.com\/1\/wp-json\/wp\/v2\/users\/2"}],"replies":[{"embeddable":true,"href":"https:\/\/www.caririemacao.com\/1\/wp-json\/wp\/v2\/comments?post=175921"}],"version-history":[{"count":1,"href":"https:\/\/www.caririemacao.com\/1\/wp-json\/wp\/v2\/posts\/175921\/revisions"}],"predecessor-version":[{"id":175923,"href":"https:\/\/www.caririemacao.com\/1\/wp-json\/wp\/v2\/posts\/175921\/revisions\/175923"}],"wp:featuredmedia":[{"embeddable":true,"href":"https:\/\/www.caririemacao.com\/1\/wp-json\/wp\/v2\/media\/175922"}],"wp:attachment":[{"href":"https:\/\/www.caririemacao.com\/1\/wp-json\/wp\/v2\/media?parent=175921"}],"wp:term":[{"taxonomy":"category","embeddable":true,"href":"https:\/\/www.caririemacao.com\/1\/wp-json\/wp\/v2\/categories?post=175921"},{"taxonomy":"post_tag","embeddable":true,"href":"https:\/\/www.caririemacao.com\/1\/wp-json\/wp\/v2\/tags?post=175921"}],"curies":[{"name":"wp","href":"https:\/\/api.w.org\/{rel}","templated":true}]}}