{"id":175929,"date":"2020-06-25T07:32:32","date_gmt":"2020-06-25T10:32:32","guid":{"rendered":"https:\/\/www.caririemacao.com\/1\/?p=175929"},"modified":"2020-06-25T07:32:32","modified_gmt":"2020-06-25T10:32:32","slug":"prefeitura-de-monteiro-emite-nota-esclarecendo-sobre-a-lei-de-suspensao-de-consignados","status":"publish","type":"post","link":"https:\/\/www.caririemacao.com\/1\/2020\/06\/25\/prefeitura-de-monteiro-emite-nota-esclarecendo-sobre-a-lei-de-suspensao-de-consignados\/","title":{"rendered":"Prefeitura de Monteiro emite nota esclarecendo sobre a lei de suspens\u00e3o de consignados"},"content":{"rendered":"\n<h1 class=\"wp-block-heading\"><\/h1>\n\n\n\n<hr class=\"wp-block-separator\"\/>\n\n\n\n<p><a href=\"https:\/\/www.facebook.com\/sharer.php?u=https%3A%2F%2Fwww.vitrinedocariri.com.br%2F2020%2F06%2Fprefeitura-de-monteiro-emite-nota-esclarecendo-sobre-a-lei-de-suspensao-de-consignados%2F\" target=\"_blank\" rel=\"noreferrer noopener\"><\/a><a href=\"https:\/\/twitter.com\/share?url=https%3A%2F%2Fwww.vitrinedocariri.com.br%2F2020%2F06%2Fprefeitura-de-monteiro-emite-nota-esclarecendo-sobre-a-lei-de-suspensao-de-consignados%2F&amp;text=Acabei%20de%20ver%20Prefeitura%20de%20Monteiro%20emite%20nota%20esclarecendo%20sobre%20a%20lei%20de%20suspens%C3%A3o%20de%20consignados%20-%20Clique%20para%20ver%20tamb%C3%A9m%20%E2%98%9B%20\" target=\"_blank\" rel=\"noreferrer noopener\"><\/a><a href=\"\/\/send?text=Prefeitura%20de%20Monteiro%20emite%20nota%20esclarecendo%20sobre%20a%20lei%20de%20suspens%C3%A3o%20de%20consignados%20%E2%98%9B%20https%3A%2F%2Fwww.vitrinedocariri.com.br%2F2020%2F06%2Fprefeitura-de-monteiro-emite-nota-esclarecendo-sobre-a-lei-de-suspensao-de-consignados%2F\" target=\"_blank\" rel=\"noreferrer noopener\"><\/a><a href=\"javascript:void(0);\"><\/a><\/p>\n\n\n\n<div class=\"wp-block-image\"><figure class=\"alignleft\"><img decoding=\"async\" data-src=\"https:\/\/i1.wp.com\/www.vitrinedocariri.com.br\/wp-content\/uploads\/2019\/02\/nota-pmm.png?resize=242%2C300&amp;ssl=1\" alt=\"\" class=\"wp-image-35397 lazyload\" src=\"data:image\/svg+xml;base64,PHN2ZyB3aWR0aD0iMSIgaGVpZ2h0PSIxIiB4bWxucz0iaHR0cDovL3d3dy53My5vcmcvMjAwMC9zdmciPjwvc3ZnPg==\" \/><\/figure><\/div>\n\n\n\n<p>NOTA DE ESCLARECIMENTO<\/p>\n\n\n\n<p>A Prefeitura do Munic\u00edpio de Monteiro atrav\u00e9s da Secretaria de Administra\u00e7\u00e3o, vem informar aos servidores municipais que aguarda a aprova\u00e7\u00e3o, pelo Senado da Rep\u00fablica, da Lei sobre a suspens\u00e3o do pagamentos dos empr\u00e9stimos consignados para que a Lei Municipal, j\u00e1 aprovada pela C\u00e2mara Municipal de Monteiro seja sancionada.<\/p>\n\n\n\n<p>Tal medida tem o objetivo de evitar futuros problemas judiciais e assegurar que o direito oferecido aos servidores municipais esteja amplamente acobertada pela legisla\u00e7\u00e3o.<\/p>\n\n\n\n<p>Monteiro 23 de junho de 2020.<\/p>\n\n\n\n<p>Anna Lorena de Farias Leite N\u00f3brega<br>Prefeita<\/p>\n","protected":false},"excerpt":{"rendered":"<p>NOTA DE ESCLARECIMENTO A Prefeitura do Munic\u00edpio de Monteiro atrav\u00e9s da Secretaria de Administra\u00e7\u00e3o, vem informar aos servidores municipais que aguarda a aprova\u00e7\u00e3o, pelo Senado&hellip; <\/p>\n","protected":false},"author":2,"featured_media":168429,"comment_status":"closed","ping_status":"closed","sticky":false,"template":"","format":"standard","meta":{"sfsi_plus_gutenberg_text_before_share":"","sfsi_plus_gutenberg_show_text_before_share":"","sfsi_plus_gutenberg_icon_type":"","sfsi_plus_gutenberg_icon_alignemt":"","sfsi_plus_gutenburg_max_per_row":"","footnotes":""},"categories":[2],"tags":[],"class_list":["post-175929","post","type-post","status-publish","format-standard","has-post-thumbnail","hentry","category-geral"],"_links":{"self":[{"href":"https:\/\/www.caririemacao.com\/1\/wp-json\/wp\/v2\/posts\/175929","targetHints":{"allow":["GET"]}}],"collection":[{"href":"https:\/\/www.caririemacao.com\/1\/wp-json\/wp\/v2\/posts"}],"about":[{"href":"https:\/\/www.caririemacao.com\/1\/wp-json\/wp\/v2\/types\/post"}],"author":[{"embeddable":true,"href":"https:\/\/www.caririemacao.com\/1\/wp-json\/wp\/v2\/users\/2"}],"replies":[{"embeddable":true,"href":"https:\/\/www.caririemacao.com\/1\/wp-json\/wp\/v2\/comments?post=175929"}],"version-history":[{"count":1,"href":"https:\/\/www.caririemacao.com\/1\/wp-json\/wp\/v2\/posts\/175929\/revisions"}],"predecessor-version":[{"id":175930,"href":"https:\/\/www.caririemacao.com\/1\/wp-json\/wp\/v2\/posts\/175929\/revisions\/175930"}],"wp:featuredmedia":[{"embeddable":true,"href":"https:\/\/www.caririemacao.com\/1\/wp-json\/wp\/v2\/media\/168429"}],"wp:attachment":[{"href":"https:\/\/www.caririemacao.com\/1\/wp-json\/wp\/v2\/media?parent=175929"}],"wp:term":[{"taxonomy":"category","embeddable":true,"href":"https:\/\/www.caririemacao.com\/1\/wp-json\/wp\/v2\/categories?post=175929"},{"taxonomy":"post_tag","embeddable":true,"href":"https:\/\/www.caririemacao.com\/1\/wp-json\/wp\/v2\/tags?post=175929"}],"curies":[{"name":"wp","href":"https:\/\/api.w.org\/{rel}","templated":true}]}}