{"id":175935,"date":"2020-06-25T08:12:34","date_gmt":"2020-06-25T11:12:34","guid":{"rendered":"https:\/\/www.caririemacao.com\/1\/?p=175935"},"modified":"2020-06-25T08:12:34","modified_gmt":"2020-06-25T11:12:34","slug":"prefeitura-de-camalau-entrega-kits-de-merenda-escolar-para-alunos-da-rede-municipal","status":"publish","type":"post","link":"https:\/\/www.caririemacao.com\/1\/2020\/06\/25\/prefeitura-de-camalau-entrega-kits-de-merenda-escolar-para-alunos-da-rede-municipal\/","title":{"rendered":"Prefeitura de Camala\u00fa  entrega kits de merenda escolar para alunos da rede municipal"},"content":{"rendered":"\n<p>A Prefeitura de Camala\u00fa come\u00e7ou desde segunda-feira 22, a entrega de kits de merenda escolar para alunos da rede municipal. <\/p>\n\n\n\n<p>Mais uma importante a\u00e7\u00e3o da gest\u00e3o municipal em um per\u00edodo onde os alunos est\u00e3o isolados das escolas, e onde os mais carentes carecem de uma alimenta\u00e7\u00e3o mais saud\u00e1vel.<\/p>\n\n\n\n<p>A entrega acontece da ultima segunda, 22, at\u00e9 a pr\u00f3xima quinta feira, 25, obedecendo um organizado calend\u00e1rio em cada escola.<\/p>\n\n\n\n<p>A gest\u00e3o municipal lembra que s\u00f3 quem pode receber o kit s\u00e3o os pais ou respons\u00e1veis portando o CPF.<\/p>\n\n\n\n<p>O prefeito Sandro M\u00f4co apela para que apenas uma pessoa de cada fam\u00edlia v\u00e1 at\u00e9 a escola, para evitar aglomera\u00e7\u00f5es, e que todos suem obrigatoriamente a m\u00e1scara.<\/p>\n\n\n\n<p>Com F\u00e1bio Brito<\/p>\n","protected":false},"excerpt":{"rendered":"<p>A Prefeitura de Camala\u00fa come\u00e7ou desde segunda-feira 22, a entrega de kits de merenda escolar para alunos da rede municipal. Mais uma importante a\u00e7\u00e3o da&hellip; <\/p>\n","protected":false},"author":1,"featured_media":175936,"comment_status":"closed","ping_status":"closed","sticky":false,"template":"","format":"standard","meta":{"sfsi_plus_gutenberg_text_before_share":"","sfsi_plus_gutenberg_show_text_before_share":"","sfsi_plus_gutenberg_icon_type":"","sfsi_plus_gutenberg_icon_alignemt":"","sfsi_plus_gutenburg_max_per_row":"","footnotes":""},"categories":[6,50],"tags":[],"class_list":["post-175935","post","type-post","status-publish","format-standard","has-post-thumbnail","hentry","category-cidades","category-destaque"],"_links":{"self":[{"href":"https:\/\/www.caririemacao.com\/1\/wp-json\/wp\/v2\/posts\/175935","targetHints":{"allow":["GET"]}}],"collection":[{"href":"https:\/\/www.caririemacao.com\/1\/wp-json\/wp\/v2\/posts"}],"about":[{"href":"https:\/\/www.caririemacao.com\/1\/wp-json\/wp\/v2\/types\/post"}],"author":[{"embeddable":true,"href":"https:\/\/www.caririemacao.com\/1\/wp-json\/wp\/v2\/users\/1"}],"replies":[{"embeddable":true,"href":"https:\/\/www.caririemacao.com\/1\/wp-json\/wp\/v2\/comments?post=175935"}],"version-history":[{"count":1,"href":"https:\/\/www.caririemacao.com\/1\/wp-json\/wp\/v2\/posts\/175935\/revisions"}],"predecessor-version":[{"id":175938,"href":"https:\/\/www.caririemacao.com\/1\/wp-json\/wp\/v2\/posts\/175935\/revisions\/175938"}],"wp:featuredmedia":[{"embeddable":true,"href":"https:\/\/www.caririemacao.com\/1\/wp-json\/wp\/v2\/media\/175936"}],"wp:attachment":[{"href":"https:\/\/www.caririemacao.com\/1\/wp-json\/wp\/v2\/media?parent=175935"}],"wp:term":[{"taxonomy":"category","embeddable":true,"href":"https:\/\/www.caririemacao.com\/1\/wp-json\/wp\/v2\/categories?post=175935"},{"taxonomy":"post_tag","embeddable":true,"href":"https:\/\/www.caririemacao.com\/1\/wp-json\/wp\/v2\/tags?post=175935"}],"curies":[{"name":"wp","href":"https:\/\/api.w.org\/{rel}","templated":true}]}}