{"id":175939,"date":"2020-06-25T09:10:09","date_gmt":"2020-06-25T12:10:09","guid":{"rendered":"https:\/\/www.caririemacao.com\/1\/?p=175939"},"modified":"2020-06-25T09:10:09","modified_gmt":"2020-06-25T12:10:09","slug":"profissionais-do-centro-de-referencia-em-covid-de-monteiro-realiza-coleta-para-exames-em-policiais-militares","status":"publish","type":"post","link":"https:\/\/www.caririemacao.com\/1\/2020\/06\/25\/profissionais-do-centro-de-referencia-em-covid-de-monteiro-realiza-coleta-para-exames-em-policiais-militares\/","title":{"rendered":"Profissionais do Centro de Refer\u00eancia em Covid de Monteiro realiza coleta para exames em Policiais Militares"},"content":{"rendered":"\n<h1 class=\"wp-block-heading\"><\/h1>\n\n\n\n<hr class=\"wp-block-separator\"\/>\n\n\n\n<p>A Prefeitura de Monteiro, por meio da Secretaria Municipal da Sa\u00fade, realizou a coleta para realiza\u00e7\u00e3o de testes para detec\u00e7\u00e3o do novo Coronav\u00edrus nos Policiais Militares que atuam no Munic\u00edpio.<\/p>\n\n\n\n<p>A administra\u00e7\u00e3o municipal destaca a import\u00e2ncia do procedimento de testagem para dar mais seguran\u00e7a aos mun\u00edcipes e fortalece as a\u00e7\u00f5es de trabalho no combate ao coronav\u00edrus. Os profissionais de sa\u00fade da regi\u00e3o tamb\u00e9m est\u00e3o sendo testados.A secret\u00e1ria da pasta, Paula Oliveira, enfatiza sobre os cuidados e a\u00e7\u00f5es adotados pela prefeitura: \u201c\u00c9 tranquilizador para os servidores e para pr\u00f3pria popula\u00e7\u00e3o saber que quem est\u00e1 na linha de frente na promo\u00e7\u00e3o da seguran\u00e7a p\u00fablica do munic\u00edpio esteja testado e possa atuar de forma protegida e sem disseminar o v\u00edrus\u201d, afirmou.A coleta aconteceu no rec\u00e9m implantado Centro de Refer\u00eancia em atendimento \u00e0s pessoas que contra\u00edram o Coronav\u00edrus, a\u00e7\u00e3o pioneira na regi\u00e3o do Cariri e na verdade em todo o estado. Ao todo, foram coletadas 100 amostras de sangue para teste.A equipe conta com um m\u00e9dico, &nbsp;um enfermeiro, e dois t\u00e9cnicos de enfermagem que est\u00e3o \u00e0 disposi\u00e7\u00e3o para atender pessoas cujos testes s\u00e3o positivados para o COVID-19.<\/p>\n\n\n\n<p>A cria\u00e7\u00e3o do Centro de Refer\u00eancia em COVID-19 \u00e9 regulamentada por portaria que j\u00e1 foi publicada pelo Minist\u00e9rio da Sa\u00fade, o que autoriza o seu funcionamento e referenciando o trabalho da gest\u00e3o municipal que n\u00e3o tem medido esfor\u00e7os com a\u00e7\u00f5es pioneiras e de vanguarda no combate \u00e0 pandemia.<\/p>\n","protected":false},"excerpt":{"rendered":"<p>A Prefeitura de Monteiro, por meio da Secretaria Municipal da Sa\u00fade, realizou a coleta para realiza\u00e7\u00e3o de testes para detec\u00e7\u00e3o do novo Coronav\u00edrus nos Policiais&hellip; <\/p>\n","protected":false},"author":2,"featured_media":175940,"comment_status":"closed","ping_status":"closed","sticky":false,"template":"","format":"standard","meta":{"sfsi_plus_gutenberg_text_before_share":"","sfsi_plus_gutenberg_show_text_before_share":"","sfsi_plus_gutenberg_icon_type":"","sfsi_plus_gutenberg_icon_alignemt":"","sfsi_plus_gutenburg_max_per_row":"","footnotes":""},"categories":[2],"tags":[],"class_list":["post-175939","post","type-post","status-publish","format-standard","has-post-thumbnail","hentry","category-geral"],"_links":{"self":[{"href":"https:\/\/www.caririemacao.com\/1\/wp-json\/wp\/v2\/posts\/175939","targetHints":{"allow":["GET"]}}],"collection":[{"href":"https:\/\/www.caririemacao.com\/1\/wp-json\/wp\/v2\/posts"}],"about":[{"href":"https:\/\/www.caririemacao.com\/1\/wp-json\/wp\/v2\/types\/post"}],"author":[{"embeddable":true,"href":"https:\/\/www.caririemacao.com\/1\/wp-json\/wp\/v2\/users\/2"}],"replies":[{"embeddable":true,"href":"https:\/\/www.caririemacao.com\/1\/wp-json\/wp\/v2\/comments?post=175939"}],"version-history":[{"count":1,"href":"https:\/\/www.caririemacao.com\/1\/wp-json\/wp\/v2\/posts\/175939\/revisions"}],"predecessor-version":[{"id":175941,"href":"https:\/\/www.caririemacao.com\/1\/wp-json\/wp\/v2\/posts\/175939\/revisions\/175941"}],"wp:featuredmedia":[{"embeddable":true,"href":"https:\/\/www.caririemacao.com\/1\/wp-json\/wp\/v2\/media\/175940"}],"wp:attachment":[{"href":"https:\/\/www.caririemacao.com\/1\/wp-json\/wp\/v2\/media?parent=175939"}],"wp:term":[{"taxonomy":"category","embeddable":true,"href":"https:\/\/www.caririemacao.com\/1\/wp-json\/wp\/v2\/categories?post=175939"},{"taxonomy":"post_tag","embeddable":true,"href":"https:\/\/www.caririemacao.com\/1\/wp-json\/wp\/v2\/tags?post=175939"}],"curies":[{"name":"wp","href":"https:\/\/api.w.org\/{rel}","templated":true}]}}