{"id":175943,"date":"2020-06-25T09:15:29","date_gmt":"2020-06-25T12:15:29","guid":{"rendered":"https:\/\/www.caririemacao.com\/1\/?p=175943"},"modified":"2020-06-25T09:15:29","modified_gmt":"2020-06-25T12:15:29","slug":"governo-ja-pagou-quase-r-88-bilhoes-de-auxilio-emergencial","status":"publish","type":"post","link":"https:\/\/www.caririemacao.com\/1\/2020\/06\/25\/governo-ja-pagou-quase-r-88-bilhoes-de-auxilio-emergencial\/","title":{"rendered":"Governo j\u00e1 pagou quase R$ 88 bilh\u00f5es de aux\u00edlio emergencial"},"content":{"rendered":"\n<h2 class=\"wp-block-heading\"><\/h2>\n\n\n\n<p>Em balan\u00e7o, o Minist\u00e9rio da Cidadania informou que o governo federal j\u00e1 creditou R$ 87,8 bilh\u00f5es para os benefici\u00e1rios do aux\u00edlio emergencial, que somam 64,1 milh\u00f5es de pessoas. A terceira parcela do benef\u00edcio s\u00f3 come\u00e7ou a ser paga aos integrantes do Bolsa Fam\u00edlia que se inscreveram para receber o aux\u00edlio \u2013 cerca de 19 milh\u00f5es de pessoas. Esse grupo continua recebendo em um<a href=\"https:\/\/agenciabrasil.ebc.com.br\/economia\/noticia\/2020-06\/beneficiarios-do-bolsa-familia-recebem-3a-parcela-de-auxilio\" target=\"_blank\" rel=\"noreferrer noopener\">&nbsp;calend\u00e1rio de pagamentos<\/a>&nbsp;que termina no pr\u00f3ximo dia 30.<img decoding=\"async\" data-src=\"https:\/\/agenciabrasil.ebc.com.br\/ebc.png?id=1310227&amp;o=node\" src=\"data:image\/svg+xml;base64,PHN2ZyB3aWR0aD0iMSIgaGVpZ2h0PSIxIiB4bWxucz0iaHR0cDovL3d3dy53My5vcmcvMjAwMC9zdmciPjwvc3ZnPg==\" class=\"lazyload\"><\/p>\n\n\n\n<p>J\u00e1 o calend\u00e1rio de pagamento para os demais grupos ainda n\u00e3o foi informado pela Caixa Econ\u00f4mica Federal, respons\u00e1vel pela operacionaliza\u00e7\u00e3o do programa.&nbsp;<\/p>\n\n\n\n<p>Aprovado em abril, o aux\u00edlio \u00e9 um benef\u00edcio no valor de R$ 600 (que pode chegar a R$ 1.200 para mulheres chefes de fam\u00edlia) destinado aos trabalhadores informais, microempreendedores individuais, aut\u00f4nomos e desempregados, e tem por objetivo fornecer prote\u00e7\u00e3o emergencial no enfrentamento \u00e0 crise causada pela pandemia do novo coronav\u00edrus (covid-19).&nbsp; &nbsp;&nbsp;<\/p>\n\n\n\n<p>At\u00e9 agora, cerca de R$ 40 milh\u00f5es foram devolvidos aos cofres p\u00fabicos por pessoas que receberam o benef\u00edcio, mas que n\u00e3o preenchiam os requisitos exigidos pela legisla\u00e7\u00e3o. O Minist\u00e9rio da Cidadania disponibilizou uma p\u00e1gina na internet com o&nbsp;<a href=\"https:\/\/devolucaoauxilioemergencial.cidadania.gov.br\/devolucao%20para%20a%20devolu%C3%A7%C3%A3o\" target=\"_blank\" rel=\"noreferrer noopener\">passo a passo<\/a>&nbsp;para a devolu\u00e7\u00e3o.<\/p>\n\n\n\n<p>Em outra a\u00e7\u00e3o, o Minist\u00e9rio da Cidadania e a Defensoria P\u00fablica da Uni\u00e3o fizeram parceria para ajudar a quem precisa contestar o resultado do pedido do aux\u00edlio emergencial sem necessidade de abrir um processo judicial. Do total de 124,18 milh\u00f5es de solicita\u00e7\u00f5es do aux\u00edlio emergencial, 64,14 milh\u00f5es foram considerados eleg\u00edveis e 41,59 milh\u00f5es foram apontados como ineleg\u00edveis, por n\u00e3o atenderem aos crit\u00e9rios do programa.<\/p>\n\n\n\n<p>Saiba&nbsp;<a href=\"https:\/\/agenciabrasil.ebc.com.br\/economia\/noticia\/2020-05\/agencia-brasil-explica-o-que-fazer-se-auxilio-emergencial-negado\" target=\"_blank\" rel=\"noreferrer noopener\">o que fazer<\/a>&nbsp;quando tiver o pedido negado. Existem ainda 16,69 milh\u00f5es de inscri\u00e7\u00f5es classificadas de inconclusivas, que \u00e9 quando faltam informa\u00e7\u00f5es para o processamento integral do pedido. Quem estiver nessa situa\u00e7\u00e3o deve refazer o cadastro por meio do&nbsp;<a href=\"https:\/\/auxilio.caixa.gov.br\/#\/inicio\" target=\"_blank\" rel=\"noreferrer noopener\"><em>site<\/em>&nbsp;<\/a>ou aplicativo do programa.<\/p>\n","protected":false},"excerpt":{"rendered":"<p>Em balan\u00e7o, o Minist\u00e9rio da Cidadania informou que o governo federal j\u00e1 creditou R$ 87,8 bilh\u00f5es para os benefici\u00e1rios do aux\u00edlio emergencial, que somam 64,1&hellip; <\/p>\n","protected":false},"author":2,"featured_media":175944,"comment_status":"closed","ping_status":"closed","sticky":false,"template":"","format":"standard","meta":{"sfsi_plus_gutenberg_text_before_share":"","sfsi_plus_gutenberg_show_text_before_share":"","sfsi_plus_gutenberg_icon_type":"","sfsi_plus_gutenberg_icon_alignemt":"","sfsi_plus_gutenburg_max_per_row":"","footnotes":""},"categories":[2],"tags":[],"class_list":["post-175943","post","type-post","status-publish","format-standard","has-post-thumbnail","hentry","category-geral"],"_links":{"self":[{"href":"https:\/\/www.caririemacao.com\/1\/wp-json\/wp\/v2\/posts\/175943","targetHints":{"allow":["GET"]}}],"collection":[{"href":"https:\/\/www.caririemacao.com\/1\/wp-json\/wp\/v2\/posts"}],"about":[{"href":"https:\/\/www.caririemacao.com\/1\/wp-json\/wp\/v2\/types\/post"}],"author":[{"embeddable":true,"href":"https:\/\/www.caririemacao.com\/1\/wp-json\/wp\/v2\/users\/2"}],"replies":[{"embeddable":true,"href":"https:\/\/www.caririemacao.com\/1\/wp-json\/wp\/v2\/comments?post=175943"}],"version-history":[{"count":1,"href":"https:\/\/www.caririemacao.com\/1\/wp-json\/wp\/v2\/posts\/175943\/revisions"}],"predecessor-version":[{"id":175945,"href":"https:\/\/www.caririemacao.com\/1\/wp-json\/wp\/v2\/posts\/175943\/revisions\/175945"}],"wp:featuredmedia":[{"embeddable":true,"href":"https:\/\/www.caririemacao.com\/1\/wp-json\/wp\/v2\/media\/175944"}],"wp:attachment":[{"href":"https:\/\/www.caririemacao.com\/1\/wp-json\/wp\/v2\/media?parent=175943"}],"wp:term":[{"taxonomy":"category","embeddable":true,"href":"https:\/\/www.caririemacao.com\/1\/wp-json\/wp\/v2\/categories?post=175943"},{"taxonomy":"post_tag","embeddable":true,"href":"https:\/\/www.caririemacao.com\/1\/wp-json\/wp\/v2\/tags?post=175943"}],"curies":[{"name":"wp","href":"https:\/\/api.w.org\/{rel}","templated":true}]}}