{"id":175954,"date":"2020-06-25T12:41:18","date_gmt":"2020-06-25T15:41:18","guid":{"rendered":"https:\/\/www.caririemacao.com\/1\/?p=175954"},"modified":"2020-06-25T12:41:18","modified_gmt":"2020-06-25T15:41:18","slug":"tcu-paraibano-critica-governo-federal-por-falta-de-diretrizes-no-combate-a-pandemia","status":"publish","type":"post","link":"https:\/\/www.caririemacao.com\/1\/2020\/06\/25\/tcu-paraibano-critica-governo-federal-por-falta-de-diretrizes-no-combate-a-pandemia\/","title":{"rendered":"TCU: paraibano critica governo federal por falta de diretrizes no combate \u00e0 pandemia"},"content":{"rendered":"\n<p>O ministro paraibano do Tribunal de Contas da Uni\u00e3o, Vital do R\u00eago Filho, fez duras cr\u00edticas ao governo federal pela falta de diretrizes no combate \u00e0 pandemia do coronav\u00edrus. Ele foi o relator de uma auditoria que traz reflexos da crise ocasionada pela Covid-19 e o impacto causado pela falta de aten\u00e7\u00e3o do Minist\u00e9rio da Sa\u00fade com a popula\u00e7\u00e3o brasileira.<\/p>\n\n\n\n<p>A auditoria foi feita dentro do Comit\u00ea de Crise e de acordo com o ministro, o governo n\u00e3o elaborou diretrizes claras e objetivos estrat\u00e9gicos para o enfrentamento da pandemia, que vem gerando decis\u00f5es incoerentes e desarticuladas levando a popula\u00e7\u00e3o a questionar as medidas propostas e adotadas.<\/p>\n\n\n\n<p>\u201cEu tenho que falar de um modelo de risco capaz de dizer: eu preciso fazer um lockdown aqui porque eu preciso achatar a curva acol\u00e1. Eu preciso diminuir a contamina\u00e7\u00e3o fazendo um isolamento vertical aqui, ou horizontal acol\u00e1\u201d, exemplificou o ministro sobre o que o governo federal deveria deixar claro em suas medidas.<\/p>\n\n\n\n<p>Para Vital do R\u00eago, sem um modelo de gerenciamento integrado e de riscos, poder\u00e3o ser adotadas ainda decis\u00f5es ineficientes e ineficazes, o que vai incorrer na baixa efetividade das a\u00e7\u00f5es de preven\u00e7\u00e3o no combate \u00e0 doen\u00e7a e no desperd\u00edcio de recursos p\u00fablicos.<\/p>\n\n\n\n<p>\u201cH\u00e1 uma briga desde o come\u00e7o num jogo de responsabilidade, que nos deixa profundamente entristecidos com 50 mil mortes causadas pelo coronav\u00edrus\u201d, disse.<\/p>\n\n\n\n<p>Ele tamb\u00e9m destacou a aus\u00eancia de lideran\u00e7as e mecanismos para a a\u00e7\u00e3o coordenada dos minist\u00e9rios e \u00f3rg\u00e3os de linha podem tamb\u00e9m levar ao desperd\u00edcio de recursos p\u00fablicos e ao n\u00e3o atendimento emergencial das necessidades dos entes subnacionais da popula\u00e7\u00e3o e dos pacientes.<\/p>\n\n\n\n<p>O ministro criticou a falta de m\u00e9dicos, sanitaristas e de t\u00e9cnicos da \u00e1rea, nos principais cargos do Minist\u00e9rio da Sa\u00fade, o que, segundo ele, \u00e9 extremamente preocupante, pois at\u00e9 ent\u00e3o n\u00e3o tem um ministro definitivo, como tamb\u00e9m a falta de comunica\u00e7\u00e3o do governo federal sobre o n\u00famero de mortes e contaminados.<\/p>\n\n\n\n<p>\u201cN\u00e3o tem nenhum profissional da sa\u00fade. N\u00e3o tem nenhum secret\u00e1rio de Sa\u00fade. N\u00e3o tem nenhum m\u00e9dico que possa esclarecer uma d\u00favida a respeito das prioridades das a\u00e7\u00f5es\u201d, enfatizou.<\/p>\n\n\n\n<p>No relat\u00f3rio, o ministro recomendou ainda a inclus\u00e3o do Conselho Federal de Medicina, da Associa\u00e7\u00e3o M\u00e9dica Brasileira e do Conselho Nacional dos Secret\u00e1rios de Sa\u00fade no Comit\u00ea de Crise como membros permanentes com direito a voz e votos nas decis\u00f5es do combate \u00e0 pandemia. Tamb\u00e9m recomenda que a cada quinzena, o governo divulgue as atas de reuni\u00f5es do comit\u00ea, bem como do Centro de Coordena\u00e7\u00e3o.<\/p>\n","protected":false},"excerpt":{"rendered":"<p>O ministro paraibano do Tribunal de Contas da Uni\u00e3o, Vital do R\u00eago Filho, fez duras cr\u00edticas ao governo federal pela falta de diretrizes no combate&hellip; <\/p>\n","protected":false},"author":2,"featured_media":175955,"comment_status":"closed","ping_status":"closed","sticky":false,"template":"","format":"standard","meta":{"sfsi_plus_gutenberg_text_before_share":"","sfsi_plus_gutenberg_show_text_before_share":"","sfsi_plus_gutenberg_icon_type":"","sfsi_plus_gutenberg_icon_alignemt":"","sfsi_plus_gutenburg_max_per_row":"","footnotes":""},"categories":[11],"tags":[],"class_list":["post-175954","post","type-post","status-publish","format-standard","has-post-thumbnail","hentry","category-politica"],"_links":{"self":[{"href":"https:\/\/www.caririemacao.com\/1\/wp-json\/wp\/v2\/posts\/175954","targetHints":{"allow":["GET"]}}],"collection":[{"href":"https:\/\/www.caririemacao.com\/1\/wp-json\/wp\/v2\/posts"}],"about":[{"href":"https:\/\/www.caririemacao.com\/1\/wp-json\/wp\/v2\/types\/post"}],"author":[{"embeddable":true,"href":"https:\/\/www.caririemacao.com\/1\/wp-json\/wp\/v2\/users\/2"}],"replies":[{"embeddable":true,"href":"https:\/\/www.caririemacao.com\/1\/wp-json\/wp\/v2\/comments?post=175954"}],"version-history":[{"count":1,"href":"https:\/\/www.caririemacao.com\/1\/wp-json\/wp\/v2\/posts\/175954\/revisions"}],"predecessor-version":[{"id":175956,"href":"https:\/\/www.caririemacao.com\/1\/wp-json\/wp\/v2\/posts\/175954\/revisions\/175956"}],"wp:featuredmedia":[{"embeddable":true,"href":"https:\/\/www.caririemacao.com\/1\/wp-json\/wp\/v2\/media\/175955"}],"wp:attachment":[{"href":"https:\/\/www.caririemacao.com\/1\/wp-json\/wp\/v2\/media?parent=175954"}],"wp:term":[{"taxonomy":"category","embeddable":true,"href":"https:\/\/www.caririemacao.com\/1\/wp-json\/wp\/v2\/categories?post=175954"},{"taxonomy":"post_tag","embeddable":true,"href":"https:\/\/www.caririemacao.com\/1\/wp-json\/wp\/v2\/tags?post=175954"}],"curies":[{"name":"wp","href":"https:\/\/api.w.org\/{rel}","templated":true}]}}