{"id":175958,"date":"2020-06-25T12:43:34","date_gmt":"2020-06-25T15:43:34","guid":{"rendered":"https:\/\/www.caririemacao.com\/1\/?p=175958"},"modified":"2020-06-25T12:43:34","modified_gmt":"2020-06-25T15:43:34","slug":"governador-se-reune-com-ministro-e-solicita-obras-hidricas-para-a-paraiba","status":"publish","type":"post","link":"https:\/\/www.caririemacao.com\/1\/2020\/06\/25\/governador-se-reune-com-ministro-e-solicita-obras-hidricas-para-a-paraiba\/","title":{"rendered":"Governador se re\u00fane com ministro e solicita obras h\u00eddricas para a Para\u00edba"},"content":{"rendered":"\n<p>O governador Jo\u00e3o Azev\u00eado recebeu, nesta ter\u00e7a-feira (23), no Pal\u00e1cio da Reden\u00e7\u00e3o, em Jo\u00e3o Pessoa, o ministro do Desenvolvimento Regional, Rog\u00e9rio Marinho, ocasi\u00e3o em que foram apresentadas as obras e a\u00e7\u00f5es executadas na Para\u00edba que visam assegurar a seguran\u00e7a h\u00eddrica em todas as regi\u00f5es do Estado.<\/p>\n\n\n\n<p>O gestor tamb\u00e9m pleiteou novas parcerias com o Minist\u00e9rio para viabilizar a constru\u00e7\u00e3o de novos sistemas adutores, barragens e habita\u00e7\u00f5es populares.<\/p>\n\n\n\n<p>No encontro, ainda foram discutidos a conclus\u00e3o das obras da transposi\u00e7\u00e3o do Rio S\u00e3o Francisco e o fortalecimento da Superintend\u00eancia do Desenvolvimento do Nordeste (Sudene).<\/p>\n\n\n\n<p>No final da reuni\u00e3o, o ministro Rog\u00e9rio Marinho e o governador Jo\u00e3o Azev\u00eado assinaram um documento que assegura a libera\u00e7\u00e3o de recursos no montante de R$ 30,7 milh\u00f5es, que ser\u00e3o investidos na continuidade das obras do canal Acau\u00e3-Ara\u00e7agi.<\/p>\n\n\n\n<p>Dentre as obras solicitadas pelo Governo da Para\u00edba est\u00e3o a segunda etapa do sistema adutor do Extremo Oeste, que pretende aumentar a oferta de \u00e1gua em S\u00e3o Jo\u00e3o do Rio do Peixe e munic\u00edpios circunvizinhos; o sistema adutor na regi\u00e3o de Catol\u00e9 do Rocha; o sistema adutor setentrional, que consiste na constru\u00e7\u00e3o de uma adutora que interliga o a\u00e7ude Coremas a capta\u00e7\u00e3o em S\u00e3o Bentinho; o sistema adutor Translitor\u00e2nea; o sistema de esgotamento sanit\u00e1rio de Cabedelo; al\u00e9m do conjunto habitacional S\u00e3o Judas Tadeu I e II, em Patos.<\/p>\n\n\n\n<p>Na oportunidade, o chefe do Executivo estadual ressaltou a preocupa\u00e7\u00e3o do governo para garantir&nbsp;&nbsp;seguran\u00e7a h\u00eddrica em todas as regi\u00f5es da Para\u00edba e de ampliar parcerias para&nbsp;&nbsp;fortalecer a gera\u00e7\u00e3o de emprego e renda e o desenvolvimento do Estado.<\/p>\n\n\n\n<p>\u201cTivemos a oportunidade de apresentar um conjunto de pleitos, que v\u00e3o desde adutoras at\u00e9 a constru\u00e7\u00e3o de casas em Patos, fizemos um balan\u00e7o do que estamos executando, das obras em parceria com o Minist\u00e9rio e do que falta ser liberado em termos de recursos. N\u00f3s discutimos os interesses do povo da Para\u00edba, que s\u00e3o obras, a\u00e7\u00f5es e programas, em parceria com o governo federal, e que t\u00eam como foco a melhoria da qualidade de vida da popula\u00e7\u00e3o\u201d, avaliou Jo\u00e3o Azev\u00eado.<img decoding=\"async\" data-src=\"https:\/\/paraibaonline.com.br\/wp-content\/uploads\/2020\/06\/azevedo-ministro2506.jpg\" alt=\"Foto: Secom\/PB\" data-srcset=\"https:\/\/paraibaonline.com.br\/wp-content\/uploads\/2020\/06\/azevedo-ministro2506.jpg 768w, https:\/\/paraibaonline.com.br\/wp-content\/uploads\/2020\/06\/azevedo-ministro2506-567x378.jpg 567w\" src=\"data:image\/svg+xml;base64,PHN2ZyB3aWR0aD0iMSIgaGVpZ2h0PSIxIiB4bWxucz0iaHR0cDovL3d3dy53My5vcmcvMjAwMC9zdmciPjwvc3ZnPg==\" class=\"lazyload\"><\/p>\n\n\n\n<p>Foto: Secom\/PB<\/p>\n\n\n\n<p>O ministro Rog\u00e9rio Marinho elogiou os projetos apresentados pela gest\u00e3o estadual e assegurou a libera\u00e7\u00e3o de recursos para as obras h\u00eddricas em andamento na Para\u00edba.<\/p>\n\n\n\n<p>\u201cN\u00f3s vamos manter os esfor\u00e7os para que n\u00e3o haja paralisa\u00e7\u00e3o de obras iniciadas. Liberamos hoje pouco mais de R$ 30 milh\u00f5es para as obras do canal Acau\u00e3-Ara\u00e7agi, garantindo dois meses de atividades das obras e o mais importante \u00e9 o nosso compromisso de que essas a\u00e7\u00f5es n\u00e3o ser\u00e3o interrompidas por entendermos a import\u00e2ncia seguran\u00e7a h\u00eddrica e da nossa aten\u00e7\u00e3o com a regi\u00e3o Nordeste\u201d, disse.<\/p>\n\n\n\n<p>O secret\u00e1rio de Estado da Infraestrutura, dos Recursos H\u00eddricos e do Meio Ambiente, Deusdete Queiroga, fez uma avalia\u00e7\u00e3o positiva da agenda.<\/p>\n\n\n\n<p>\u201cN\u00f3s tivemos uma agenda intensa desde cedo, quando o ministro fez uma visita \u00e0s obras do canal Acau\u00e3-Ara\u00e7agi, principal obra h\u00eddrica da Para\u00edba, e ele pode anunciar mais recursos que garantem a continuidade dessa a\u00e7\u00e3o e assegurou que n\u00e3o faltar\u00e3o recursos para as obras que j\u00e1 est\u00e3o conveniadas. Al\u00e9m disso, foi feita a entrega simb\u00f3lica de 40 sistemas de dessaliniza\u00e7\u00e3o no s\u00edtio Tabocas, e na audi\u00eancia que tivemos no final da tarde, apresentamos as obras que est\u00e3o em andamento j\u00e1 conveniadas com o Minist\u00e9rio, a exemplo das adutoras de Nova Camar\u00e1, Camala\u00fa e Retiro\u201d, resumiu.<\/p>\n\n\n\n<p>O deputado federal Julian Lemos, auxiliares do Minist\u00e9rio da Integra\u00e7\u00e3o Regional e do Governo da Para\u00edba tamb\u00e9m acompanharam a reuni\u00e3o.<\/p>\n","protected":false},"excerpt":{"rendered":"<p>O governador Jo\u00e3o Azev\u00eado recebeu, nesta ter\u00e7a-feira (23), no Pal\u00e1cio da Reden\u00e7\u00e3o, em Jo\u00e3o Pessoa, o ministro do Desenvolvimento Regional, Rog\u00e9rio Marinho, ocasi\u00e3o em que&hellip; <\/p>\n","protected":false},"author":2,"featured_media":175959,"comment_status":"closed","ping_status":"closed","sticky":false,"template":"","format":"standard","meta":{"sfsi_plus_gutenberg_text_before_share":"","sfsi_plus_gutenberg_show_text_before_share":"","sfsi_plus_gutenberg_icon_type":"","sfsi_plus_gutenberg_icon_alignemt":"","sfsi_plus_gutenburg_max_per_row":"","footnotes":""},"categories":[11],"tags":[],"class_list":["post-175958","post","type-post","status-publish","format-standard","has-post-thumbnail","hentry","category-politica"],"_links":{"self":[{"href":"https:\/\/www.caririemacao.com\/1\/wp-json\/wp\/v2\/posts\/175958","targetHints":{"allow":["GET"]}}],"collection":[{"href":"https:\/\/www.caririemacao.com\/1\/wp-json\/wp\/v2\/posts"}],"about":[{"href":"https:\/\/www.caririemacao.com\/1\/wp-json\/wp\/v2\/types\/post"}],"author":[{"embeddable":true,"href":"https:\/\/www.caririemacao.com\/1\/wp-json\/wp\/v2\/users\/2"}],"replies":[{"embeddable":true,"href":"https:\/\/www.caririemacao.com\/1\/wp-json\/wp\/v2\/comments?post=175958"}],"version-history":[{"count":1,"href":"https:\/\/www.caririemacao.com\/1\/wp-json\/wp\/v2\/posts\/175958\/revisions"}],"predecessor-version":[{"id":175960,"href":"https:\/\/www.caririemacao.com\/1\/wp-json\/wp\/v2\/posts\/175958\/revisions\/175960"}],"wp:featuredmedia":[{"embeddable":true,"href":"https:\/\/www.caririemacao.com\/1\/wp-json\/wp\/v2\/media\/175959"}],"wp:attachment":[{"href":"https:\/\/www.caririemacao.com\/1\/wp-json\/wp\/v2\/media?parent=175958"}],"wp:term":[{"taxonomy":"category","embeddable":true,"href":"https:\/\/www.caririemacao.com\/1\/wp-json\/wp\/v2\/categories?post=175958"},{"taxonomy":"post_tag","embeddable":true,"href":"https:\/\/www.caririemacao.com\/1\/wp-json\/wp\/v2\/tags?post=175958"}],"curies":[{"name":"wp","href":"https:\/\/api.w.org\/{rel}","templated":true}]}}