{"id":175961,"date":"2020-06-25T12:45:49","date_gmt":"2020-06-25T15:45:49","guid":{"rendered":"https:\/\/www.caririemacao.com\/1\/?p=175961"},"modified":"2020-06-25T12:45:49","modified_gmt":"2020-06-25T15:45:49","slug":"auxilio-emergencial-ministro-anuncia-novas-parcelas-mas-depois-apaga-publicacao","status":"publish","type":"post","link":"https:\/\/www.caririemacao.com\/1\/2020\/06\/25\/auxilio-emergencial-ministro-anuncia-novas-parcelas-mas-depois-apaga-publicacao\/","title":{"rendered":"Aux\u00edlio emergencial: Ministro anuncia novas parcelas, mas depois apaga publica\u00e7\u00e3o"},"content":{"rendered":"\n<p>O ministro Luiz Eduardo Ramos, da Secretaria de Governo, afirmou que a extens\u00e3o do aux\u00edlio emergencial por tr\u00eas meses ter\u00e1 parcelas de R$ 500, R$ 400 e R$ 300, valores que superam os que vinham sendo discutidos publicamente at\u00e9 ent\u00e3o.<\/p>\n\n\n\n<p>A informa\u00e7\u00e3o foi publicada pelo ministro em uma rede social, mas ela foi apagada pouco depois. A pasta comandada por ele disse que a publica\u00e7\u00e3o est\u00e1 incorreta e que o assunto ainda est\u00e1 em discuss\u00e3o no governo.<\/p>\n\n\n\n<p>\u201cO governo vai pagar tr\u00eas parcelas adicionais (de R$ 500, R$ 400 e R$ 300) do aux\u00edlio emergencial. A proposta faria o benef\u00edcio chegar neste ano a pelo menos R$ 229,5 bilh\u00f5es. Isso \u00e9 53% de toda a transfer\u00eancia de renda j\u00e1 feita no programa Bolsa Fam\u00edlia desde o seu in\u00edcio, em 2004\u201d, escreveu Ramos, no in\u00edcio da manh\u00e3 desta quinta-feira (25).<\/p>\n\n\n\n<p>A prorroga\u00e7\u00e3o do aux\u00edlio emergencial, que hoje \u00e9 de R$ 600, tem sido discutida internamente no governo.<\/p>\n\n\n\n<p>O tema deve ser novamente debatido nesta quinta em reuni\u00e3o de Bolsonaro com os ministros Braga Netto (Casa Civil), Paulo Guedes (Economia) e Onyx Lorenzoni (Cidadania), al\u00e9m dos presidentes do Banco Central, Roberto Campos Neto e da Caixa, Pedro Guimar\u00e3es.<\/p>\n\n\n\n<p>Guedes vinha trabalhando por valores inferiores aos divulgados nesta quinta por Ramos.<\/p>\n\n\n\n<p>Em 9 de junho, ele disse que o Executivo planejava pagar mais duas parcelas do aux\u00edlio emergencial, no valor de R$ 300 cada uma.<\/p>\n\n\n\n<p>O pr\u00f3prio presidente Bolsonaro chegou a defender, poucos dias depois, o valor, e disse que vetaria qualquer a\u00e7\u00e3o do Legislativo para aument\u00e1-los.<\/p>\n\n\n\n<p>\u201cNa C\u00e2mara por exemplo, vamos supor que chegue uma proposta de duas [parcelas extras] de R$ 300. Se a C\u00e2mara quiser passar para R$ 400, R$ 500, ou voltar para R$ 600, qual vai ser a decis\u00e3o minha? Para que o Brasil n\u00e3o quebre? Se pagar mais duas de R$ 600, vamos ter uma d\u00edvida cada vez mais impag\u00e1vel. \u00c9 o veto\u201d, afirmou Bolsonaro em uma live no dia 11 de junho.<\/p>\n","protected":false},"excerpt":{"rendered":"<p>O ministro Luiz Eduardo Ramos, da Secretaria de Governo, afirmou que a extens\u00e3o do aux\u00edlio emergencial por tr\u00eas meses ter\u00e1 parcelas de R$ 500, R$&hellip; <\/p>\n","protected":false},"author":2,"featured_media":175962,"comment_status":"closed","ping_status":"closed","sticky":false,"template":"","format":"standard","meta":{"sfsi_plus_gutenberg_text_before_share":"","sfsi_plus_gutenberg_show_text_before_share":"","sfsi_plus_gutenberg_icon_type":"","sfsi_plus_gutenberg_icon_alignemt":"","sfsi_plus_gutenburg_max_per_row":"","footnotes":""},"categories":[11],"tags":[],"class_list":["post-175961","post","type-post","status-publish","format-standard","has-post-thumbnail","hentry","category-politica"],"_links":{"self":[{"href":"https:\/\/www.caririemacao.com\/1\/wp-json\/wp\/v2\/posts\/175961","targetHints":{"allow":["GET"]}}],"collection":[{"href":"https:\/\/www.caririemacao.com\/1\/wp-json\/wp\/v2\/posts"}],"about":[{"href":"https:\/\/www.caririemacao.com\/1\/wp-json\/wp\/v2\/types\/post"}],"author":[{"embeddable":true,"href":"https:\/\/www.caririemacao.com\/1\/wp-json\/wp\/v2\/users\/2"}],"replies":[{"embeddable":true,"href":"https:\/\/www.caririemacao.com\/1\/wp-json\/wp\/v2\/comments?post=175961"}],"version-history":[{"count":1,"href":"https:\/\/www.caririemacao.com\/1\/wp-json\/wp\/v2\/posts\/175961\/revisions"}],"predecessor-version":[{"id":175963,"href":"https:\/\/www.caririemacao.com\/1\/wp-json\/wp\/v2\/posts\/175961\/revisions\/175963"}],"wp:featuredmedia":[{"embeddable":true,"href":"https:\/\/www.caririemacao.com\/1\/wp-json\/wp\/v2\/media\/175962"}],"wp:attachment":[{"href":"https:\/\/www.caririemacao.com\/1\/wp-json\/wp\/v2\/media?parent=175961"}],"wp:term":[{"taxonomy":"category","embeddable":true,"href":"https:\/\/www.caririemacao.com\/1\/wp-json\/wp\/v2\/categories?post=175961"},{"taxonomy":"post_tag","embeddable":true,"href":"https:\/\/www.caririemacao.com\/1\/wp-json\/wp\/v2\/tags?post=175961"}],"curies":[{"name":"wp","href":"https:\/\/api.w.org\/{rel}","templated":true}]}}