{"id":175968,"date":"2020-06-25T12:50:11","date_gmt":"2020-06-25T15:50:11","guid":{"rendered":"https:\/\/www.caririemacao.com\/1\/?p=175968"},"modified":"2020-06-25T12:50:11","modified_gmt":"2020-06-25T15:50:11","slug":"bolsonaro-vira-ao-nordeste-para-inaugurar-trecho-de-obra-da-transposicao-que-beneficia-a-paraiba","status":"publish","type":"post","link":"https:\/\/www.caririemacao.com\/1\/2020\/06\/25\/bolsonaro-vira-ao-nordeste-para-inaugurar-trecho-de-obra-da-transposicao-que-beneficia-a-paraiba\/","title":{"rendered":"Bolsonaro vir\u00e1 ao Nordeste para inaugurar trecho de obra da transposi\u00e7\u00e3o que beneficia a Para\u00edba"},"content":{"rendered":"\n<p>O presidente Jair Bolsonaro vir\u00e1 ao Nordeste nesta sexta-feira (26),&nbsp; para participar da inaugura\u00e7\u00e3o de um trecho da obra de transposi\u00e7\u00e3o do rio S\u00e3o Francisco, em Penaforte, no Cear\u00e1, junto com o ministro do Desenvolvimento Regional (MDR), Rog\u00e9rio Marinho.<\/p>\n\n\n\n<p>A \u00e1gua que j\u00e1 abastece o Reservat\u00f3rio Milagres (\u00faltima estrutura de Pernambuco, em Verdejante) passar\u00e1 pelo T\u00fanel Milagres (na fronteira dos dois estados), come\u00e7ar\u00e1 a encher o Reservat\u00f3rio Jati (primeiro em territ\u00f3rio cearense) e seguir\u00e1 para a Para\u00edba e Rio Grande do Norte.<\/p>\n\n\n\n<p>De acordo com mat\u00e9ria publicada no Correio Braziliense, Bolsonaro pretende fazer uma s\u00e9rie de viagens pelo pa\u00eds entregando obras p\u00fablicas como forma de conter a deteriora\u00e7\u00e3o de sua imagem, desgastada pela pandemia e pelas investiga\u00e7\u00f5es envolvendo a fam\u00edlia.<\/p>\n\n\n\n<p>Essa ser\u00e1 a primeira viagem oficial de Bolsonaro ao Cear\u00e1 desde que ele assumiu o Pal\u00e1cio do Planalto. Na avalia\u00e7\u00e3o de parlamentares do estado, a cerim\u00f4nia ser\u00e1 um marco tanto para os cearenses quanto para Bolsonaro. \u201cA import\u00e2ncia \u00e9 imensa. Sempre tivemos dificuldades com recursos h\u00eddricos e sabemos que, a qualquer momento, pode faltar \u00e1gua de novo\u201d, comentou o deputado federal Vaidon Oliveira (Pros). \u201cAcredito que \u00e9 um momento de felicidade para todos e ser\u00e1 muito importante para o presidente, mesmo porque, todo governo gosta de fazer inaugura\u00e7\u00e3o e, no fim, isso \u00e9 o que fica.\u201d<\/p>\n\n\n\n<p>Para o deputado, a estrat\u00e9gia de Bolsonaro de se aproximar do Nordeste pode dar certo, desde que ele mantenha viagens \u00e0 regi\u00e3o com uma certa regularidade.&nbsp;&nbsp;<\/p>\n\n\n\n<p>O deputado federal Dr. Jaziel (PL) fez a mesma avalia\u00e7\u00e3o. Segundo ele, \u201cBolsonaro tem de estar no Nordeste e cuidar do Nordeste, que, com certeza, lhe dar\u00e1 bons frutos\u201d. \u201cO presidente precisa conquistar o Nordeste e investir aqui. Ele tem de repetir algo que foi feito nos outros governos: cativar o povo. Os nordestinos precisam ver o lado trabalhador do Bolsonaro\u201d, comentou. \u201cA linha \u00e9 por a\u00ed. Bolsonaro deve vir muitas vezes mais, fazer mais a\u00e7\u00f5es e mostrar o que ele tem de bom para servir ao Nordeste.\u201d<\/p>\n","protected":false},"excerpt":{"rendered":"<p>O presidente Jair Bolsonaro vir\u00e1 ao Nordeste nesta sexta-feira (26),&nbsp; para participar da inaugura\u00e7\u00e3o de um trecho da obra de transposi\u00e7\u00e3o do rio S\u00e3o Francisco,&hellip; <\/p>\n","protected":false},"author":2,"featured_media":153822,"comment_status":"closed","ping_status":"closed","sticky":false,"template":"","format":"standard","meta":{"sfsi_plus_gutenberg_text_before_share":"","sfsi_plus_gutenberg_show_text_before_share":"","sfsi_plus_gutenberg_icon_type":"","sfsi_plus_gutenberg_icon_alignemt":"","sfsi_plus_gutenburg_max_per_row":"","footnotes":""},"categories":[2],"tags":[],"class_list":["post-175968","post","type-post","status-publish","format-standard","has-post-thumbnail","hentry","category-geral"],"_links":{"self":[{"href":"https:\/\/www.caririemacao.com\/1\/wp-json\/wp\/v2\/posts\/175968","targetHints":{"allow":["GET"]}}],"collection":[{"href":"https:\/\/www.caririemacao.com\/1\/wp-json\/wp\/v2\/posts"}],"about":[{"href":"https:\/\/www.caririemacao.com\/1\/wp-json\/wp\/v2\/types\/post"}],"author":[{"embeddable":true,"href":"https:\/\/www.caririemacao.com\/1\/wp-json\/wp\/v2\/users\/2"}],"replies":[{"embeddable":true,"href":"https:\/\/www.caririemacao.com\/1\/wp-json\/wp\/v2\/comments?post=175968"}],"version-history":[{"count":1,"href":"https:\/\/www.caririemacao.com\/1\/wp-json\/wp\/v2\/posts\/175968\/revisions"}],"predecessor-version":[{"id":175969,"href":"https:\/\/www.caririemacao.com\/1\/wp-json\/wp\/v2\/posts\/175968\/revisions\/175969"}],"wp:featuredmedia":[{"embeddable":true,"href":"https:\/\/www.caririemacao.com\/1\/wp-json\/wp\/v2\/media\/153822"}],"wp:attachment":[{"href":"https:\/\/www.caririemacao.com\/1\/wp-json\/wp\/v2\/media?parent=175968"}],"wp:term":[{"taxonomy":"category","embeddable":true,"href":"https:\/\/www.caririemacao.com\/1\/wp-json\/wp\/v2\/categories?post=175968"},{"taxonomy":"post_tag","embeddable":true,"href":"https:\/\/www.caririemacao.com\/1\/wp-json\/wp\/v2\/tags?post=175968"}],"curies":[{"name":"wp","href":"https:\/\/api.w.org\/{rel}","templated":true}]}}