{"id":175971,"date":"2020-06-25T12:58:57","date_gmt":"2020-06-25T15:58:57","guid":{"rendered":"https:\/\/www.caririemacao.com\/1\/?p=175971"},"modified":"2020-06-25T13:00:46","modified_gmt":"2020-06-25T16:00:46","slug":"rede-municipal-de-educacao-realiza-atividades-alusivas-ao-dia-mundial-de-combate-ao-trabalho-infantil","status":"publish","type":"post","link":"https:\/\/www.caririemacao.com\/1\/2020\/06\/25\/rede-municipal-de-educacao-realiza-atividades-alusivas-ao-dia-mundial-de-combate-ao-trabalho-infantil\/","title":{"rendered":"Sum\u00e9: Rede municipal de Educa\u00e7\u00e3o realiza atividades alusivas ao &#8220;Dia Mundial de Combate ao Trabalho Infantil&#8221;"},"content":{"rendered":"\n<p>Nas \u00faltimas semanas, todas as escolas da rede municipal de ensino de Sum\u00e9 promoveram atividades (online) com o objetivo de evidenciar o dia &#8220;12 de junho&#8221;, que foi institu\u00eddo pela Organiza\u00e7\u00e3o Internacional do Trabalho (OIT) como o &#8220;Dia Mundial de Combate ao Trabalho Infantil&#8221;.<\/p>\n\n\n\n<p>As atividades desenvolvidas por alunos, professores e equipes escolares do munic\u00edpio foram v\u00eddeos, textos, desenhos, cartazes envolvendo a tem\u00e1tica contra o trabalho infantil.<\/p>\n\n\n\n<p>Em Sum\u00e9, este ano a campanha acontece virtualmente para evitar aglomera\u00e7\u00f5es de pessoas devido ao coronav\u00edrus. O munic\u00edpio intensificou as a\u00e7\u00f5es informativas por meio das redes sociais com divulga\u00e7\u00e3o em material audiovisual e a\u00e7\u00f5es na educa\u00e7\u00e3o e na sa\u00fade.<\/p>\n\n\n\n<p>De acordo com a Organiza\u00e7\u00e3o Internacional do Trabalho (OIT), o trabalho infantil \u00e9 ilegal e priva crian\u00e7as e adolescentes de uma vida normal, impedindo-os n\u00e3o s\u00f3 de frequentar a escola e estudar normalmente, mas tamb\u00e9m de desenvolver de maneira saud\u00e1vel todas as suas capacidades e habilidades.<\/p>\n","protected":false},"excerpt":{"rendered":"<p>Nas \u00faltimas semanas, todas as escolas da rede municipal de ensino de Sum\u00e9 promoveram atividades (online) com o objetivo de evidenciar o dia &#8220;12 de&hellip; <\/p>\n","protected":false},"author":2,"featured_media":175972,"comment_status":"closed","ping_status":"closed","sticky":false,"template":"","format":"standard","meta":{"sfsi_plus_gutenberg_text_before_share":"","sfsi_plus_gutenberg_show_text_before_share":"","sfsi_plus_gutenberg_icon_type":"","sfsi_plus_gutenberg_icon_alignemt":"","sfsi_plus_gutenburg_max_per_row":"","footnotes":""},"categories":[14],"tags":[],"class_list":["post-175971","post","type-post","status-publish","format-standard","has-post-thumbnail","hentry","category-educacao"],"_links":{"self":[{"href":"https:\/\/www.caririemacao.com\/1\/wp-json\/wp\/v2\/posts\/175971","targetHints":{"allow":["GET"]}}],"collection":[{"href":"https:\/\/www.caririemacao.com\/1\/wp-json\/wp\/v2\/posts"}],"about":[{"href":"https:\/\/www.caririemacao.com\/1\/wp-json\/wp\/v2\/types\/post"}],"author":[{"embeddable":true,"href":"https:\/\/www.caririemacao.com\/1\/wp-json\/wp\/v2\/users\/2"}],"replies":[{"embeddable":true,"href":"https:\/\/www.caririemacao.com\/1\/wp-json\/wp\/v2\/comments?post=175971"}],"version-history":[{"count":2,"href":"https:\/\/www.caririemacao.com\/1\/wp-json\/wp\/v2\/posts\/175971\/revisions"}],"predecessor-version":[{"id":175976,"href":"https:\/\/www.caririemacao.com\/1\/wp-json\/wp\/v2\/posts\/175971\/revisions\/175976"}],"wp:featuredmedia":[{"embeddable":true,"href":"https:\/\/www.caririemacao.com\/1\/wp-json\/wp\/v2\/media\/175972"}],"wp:attachment":[{"href":"https:\/\/www.caririemacao.com\/1\/wp-json\/wp\/v2\/media?parent=175971"}],"wp:term":[{"taxonomy":"category","embeddable":true,"href":"https:\/\/www.caririemacao.com\/1\/wp-json\/wp\/v2\/categories?post=175971"},{"taxonomy":"post_tag","embeddable":true,"href":"https:\/\/www.caririemacao.com\/1\/wp-json\/wp\/v2\/tags?post=175971"}],"curies":[{"name":"wp","href":"https:\/\/api.w.org\/{rel}","templated":true}]}}