{"id":175978,"date":"2020-06-25T13:27:03","date_gmt":"2020-06-25T16:27:03","guid":{"rendered":"https:\/\/www.caririemacao.com\/1\/?p=175978"},"modified":"2020-06-25T13:27:03","modified_gmt":"2020-06-25T16:27:03","slug":"mppb-recomenda-a-prefeitura-de-sume-e-as-policias-civil-e-militar-que-adotem-medidas-restritivas-no-combate-ao-covid-19","status":"publish","type":"post","link":"https:\/\/www.caririemacao.com\/1\/2020\/06\/25\/mppb-recomenda-a-prefeitura-de-sume-e-as-policias-civil-e-militar-que-adotem-medidas-restritivas-no-combate-ao-covid-19\/","title":{"rendered":"MPPB recomenda a Prefeitura de Sum\u00e9 e as policias Civil e Militar que adotem medidas restritivas no combate ao COVID 19"},"content":{"rendered":"\n<p>Considerando a gravidade da pandemia em decorr\u00eancia da Infec\u00e7\u00e3o Humana pelo novo coronav\u00edrus (COVID-19), o MINIST\u00c9RIO P\u00daBLICO DA PARA\u00cdBA, atrav\u00e9s da Promotoria de Justi\u00e7a Cumulativa de Sum\u00e9\/PB representada pelo Promotor de Justi\u00e7a, Dr. Bruno Lins, emite RECOMENDA\u00c7\u00c3O MINISTERIAL ao Prefeito do Munic\u00edpio de Sum\u00e9 e aos representantes da Pol\u00edcia Militar e Pol\u00edcia Civil, bem como \u00e0s pessoas f\u00edsicas ou jur\u00eddicas no que couber, para em prazo imediato adotarem medidas restritivas acerca do combate ao COVID 19.<\/p>\n\n\n\n<p>Confira abaixo a RECOMENDA\u00c7\u00c3O MINISTERIAL:<\/p>\n\n\n\n<p><a href=\"https:\/\/www.caririemacao.com\/1\/wp-content\/uploads\/2020\/06\/RECOMENDA\u00c7\u00c3O-DE-SUM\u00c9-19-06-2020.pdf\">CLIQUE AQUI <\/a>E VEJA AS RECOMENDA\u00c7\u00d5ES EMITIDAS PELO MINIST\u00c9RIO.<\/p>\n","protected":false},"excerpt":{"rendered":"<p>Considerando a gravidade da pandemia em decorr\u00eancia da Infec\u00e7\u00e3o Humana pelo novo coronav\u00edrus (COVID-19), o MINIST\u00c9RIO P\u00daBLICO DA PARA\u00cdBA, atrav\u00e9s da Promotoria de Justi\u00e7a Cumulativa&hellip; <\/p>\n","protected":false},"author":1,"featured_media":175981,"comment_status":"closed","ping_status":"closed","sticky":false,"template":"","format":"standard","meta":{"sfsi_plus_gutenberg_text_before_share":"","sfsi_plus_gutenberg_show_text_before_share":"","sfsi_plus_gutenberg_icon_type":"","sfsi_plus_gutenberg_icon_alignemt":"","sfsi_plus_gutenburg_max_per_row":"","footnotes":""},"categories":[2,95],"tags":[],"class_list":["post-175978","post","type-post","status-publish","format-standard","has-post-thumbnail","hentry","category-geral","category-sume"],"_links":{"self":[{"href":"https:\/\/www.caririemacao.com\/1\/wp-json\/wp\/v2\/posts\/175978","targetHints":{"allow":["GET"]}}],"collection":[{"href":"https:\/\/www.caririemacao.com\/1\/wp-json\/wp\/v2\/posts"}],"about":[{"href":"https:\/\/www.caririemacao.com\/1\/wp-json\/wp\/v2\/types\/post"}],"author":[{"embeddable":true,"href":"https:\/\/www.caririemacao.com\/1\/wp-json\/wp\/v2\/users\/1"}],"replies":[{"embeddable":true,"href":"https:\/\/www.caririemacao.com\/1\/wp-json\/wp\/v2\/comments?post=175978"}],"version-history":[{"count":1,"href":"https:\/\/www.caririemacao.com\/1\/wp-json\/wp\/v2\/posts\/175978\/revisions"}],"predecessor-version":[{"id":175982,"href":"https:\/\/www.caririemacao.com\/1\/wp-json\/wp\/v2\/posts\/175978\/revisions\/175982"}],"wp:featuredmedia":[{"embeddable":true,"href":"https:\/\/www.caririemacao.com\/1\/wp-json\/wp\/v2\/media\/175981"}],"wp:attachment":[{"href":"https:\/\/www.caririemacao.com\/1\/wp-json\/wp\/v2\/media?parent=175978"}],"wp:term":[{"taxonomy":"category","embeddable":true,"href":"https:\/\/www.caririemacao.com\/1\/wp-json\/wp\/v2\/categories?post=175978"},{"taxonomy":"post_tag","embeddable":true,"href":"https:\/\/www.caririemacao.com\/1\/wp-json\/wp\/v2\/tags?post=175978"}],"curies":[{"name":"wp","href":"https:\/\/api.w.org\/{rel}","templated":true}]}}