{"id":175983,"date":"2020-06-25T14:25:04","date_gmt":"2020-06-25T17:25:04","guid":{"rendered":"https:\/\/www.caririemacao.com\/1\/?p=175983"},"modified":"2020-06-25T15:34:50","modified_gmt":"2020-06-25T18:34:50","slug":"procon-de-sume-notificara-supermercados-e-mercadinhos-que-nao-cumprirem-as-medidas-preventivas-contra-o-covid-19","status":"publish","type":"post","link":"https:\/\/www.caririemacao.com\/1\/2020\/06\/25\/procon-de-sume-notificara-supermercados-e-mercadinhos-que-nao-cumprirem-as-medidas-preventivas-contra-o-covid-19\/","title":{"rendered":"Procon de Sum\u00e9 notificar\u00e1 supermercados e mercadinhos que n\u00e3o cumprirem as medidas preventivas  contra o Covid-19"},"content":{"rendered":"\n<p>A diretora geral do Procon, Jordana Barbosa, informou na manh\u00e3 desta quinta-feira 25, que o Procon de Sum\u00e9 estar\u00e1  notificando todos os supermercados e mercadinhos. Que n\u00e3o cumprirem as medidas preventivas de higieniza\u00e7\u00e3o e seguran\u00e7a. <\/p>\n\n\n\n<p>A objetivo \u00e9 manter o protocolo de higieniza\u00e7\u00e3o em todos os supermercados e mercadinhos da cidade. E tamb\u00e9m, alertar para que fa\u00e7am a higieniza\u00e7\u00e3o e desinfec\u00e7\u00e3o de carrinhos e cestas antes e ap\u00f3s o uso de cada consumidor. <\/p>\n\n\n\n<p>Assim como a higieniza\u00e7\u00e3o dos consumidores antes de adentrar nos referidos estabelecimentos, trazendo assim mais prote\u00e7\u00e3o aos consumidores no combate ao covid-19, uma vez que o Procon \u00e9 um \u00f3rg\u00e3o fiscalizador.<\/p>\n","protected":false},"excerpt":{"rendered":"<p>A diretora geral do Procon, Jordana Barbosa, informou na manh\u00e3 desta quinta-feira 25, que o Procon de Sum\u00e9 estar\u00e1 notificando todos os supermercados e mercadinhos.&hellip; <\/p>\n","protected":false},"author":1,"featured_media":156549,"comment_status":"closed","ping_status":"closed","sticky":false,"template":"","format":"standard","meta":{"sfsi_plus_gutenberg_text_before_share":"","sfsi_plus_gutenberg_show_text_before_share":"","sfsi_plus_gutenberg_icon_type":"","sfsi_plus_gutenberg_icon_alignemt":"","sfsi_plus_gutenburg_max_per_row":"","footnotes":""},"categories":[6],"tags":[],"class_list":["post-175983","post","type-post","status-publish","format-standard","has-post-thumbnail","hentry","category-cidades"],"_links":{"self":[{"href":"https:\/\/www.caririemacao.com\/1\/wp-json\/wp\/v2\/posts\/175983","targetHints":{"allow":["GET"]}}],"collection":[{"href":"https:\/\/www.caririemacao.com\/1\/wp-json\/wp\/v2\/posts"}],"about":[{"href":"https:\/\/www.caririemacao.com\/1\/wp-json\/wp\/v2\/types\/post"}],"author":[{"embeddable":true,"href":"https:\/\/www.caririemacao.com\/1\/wp-json\/wp\/v2\/users\/1"}],"replies":[{"embeddable":true,"href":"https:\/\/www.caririemacao.com\/1\/wp-json\/wp\/v2\/comments?post=175983"}],"version-history":[{"count":2,"href":"https:\/\/www.caririemacao.com\/1\/wp-json\/wp\/v2\/posts\/175983\/revisions"}],"predecessor-version":[{"id":176021,"href":"https:\/\/www.caririemacao.com\/1\/wp-json\/wp\/v2\/posts\/175983\/revisions\/176021"}],"wp:featuredmedia":[{"embeddable":true,"href":"https:\/\/www.caririemacao.com\/1\/wp-json\/wp\/v2\/media\/156549"}],"wp:attachment":[{"href":"https:\/\/www.caririemacao.com\/1\/wp-json\/wp\/v2\/media?parent=175983"}],"wp:term":[{"taxonomy":"category","embeddable":true,"href":"https:\/\/www.caririemacao.com\/1\/wp-json\/wp\/v2\/categories?post=175983"},{"taxonomy":"post_tag","embeddable":true,"href":"https:\/\/www.caririemacao.com\/1\/wp-json\/wp\/v2\/tags?post=175983"}],"curies":[{"name":"wp","href":"https:\/\/api.w.org\/{rel}","templated":true}]}}