{"id":175986,"date":"2020-06-25T14:30:49","date_gmt":"2020-06-25T17:30:49","guid":{"rendered":"https:\/\/www.caririemacao.com\/1\/?p=175986"},"modified":"2020-06-25T14:30:49","modified_gmt":"2020-06-25T17:30:49","slug":"covid-19-ja-infectou-400-medicos-e-quase-tres-mil-outros-profissionais-de-saude-na-paraiba","status":"publish","type":"post","link":"https:\/\/www.caririemacao.com\/1\/2020\/06\/25\/covid-19-ja-infectou-400-medicos-e-quase-tres-mil-outros-profissionais-de-saude-na-paraiba\/","title":{"rendered":"Covid-19 j\u00e1 infectou 400 m\u00e9dicos e quase tr\u00eas mil outros profissionais de sa\u00fade na Para\u00edba"},"content":{"rendered":"\n<h1 class=\"wp-block-heading\"><\/h1>\n\n\n\n<p>Mais de 400 m\u00e9dicos paraibanos j\u00e1 foram infectados pelo novo coronav\u00edrus desde o in\u00edcio da pandemia, em mar\u00e7o deste ano. Conforme dados do Boletim Epidemiol\u00f3gico No 26, divulgado pela Secretaria Estadual de Sa\u00fade, nesta quarta-feira (24), 3.070 profissionais de sa\u00fade foram diagnosticados oficialmente com a Covid-19 e, deste total, 13% s\u00e3o m\u00e9dicos.&nbsp;<\/p>\n\n\n\n<p>No dia 12 de maio, o n\u00famero de profissionais de sa\u00fade com a doen\u00e7a era 217. Ou seja, em cerca de 40 dias, esta quantidade aumentou quase 15 vezes. Levantamento do Conselho Regional de Medicina da Para\u00edba (CRM-PB) aponta que sete m\u00e9dicos morreram em decorr\u00eancia do novo coronav\u00edrus.<\/p>\n\n\n\n<p>A Para\u00edba registrou seu primeiro caso da doen\u00e7a h\u00e1 pouco mais de 3 meses, no dia 18 de mar\u00e7o. Deste dia at\u00e9 24 de junho j\u00e1 s\u00e3o 39.912 paraibanos notificados com a Covid-19 e 828 \u00f3bitos. O n\u00famero de profissionais de sa\u00fade infectados representa cerca de 10% do total do Estado.&nbsp;<\/p>\n\n\n\n<p>&#8221;Apesar da Para\u00edba estar realizando um n\u00famero maior de testes que outros Estados, sabemos que essa quantidade de pessoas infectadas deve ser bem maior, inclusive de profissionais da sa\u00fade\u201d, destacou o presidente do CRM-PB, Roberto Magliano de Morais.<\/p>\n\n\n\n<p>&nbsp;\u201cQuanto mais m\u00e9dicos infectados, menos profissionais teremos para enfrentar essa batalha. Profissionais que estavam na ativa, oferecendo o que tinham de melhor, prestando aux\u00edlio e socorro m\u00e9dico aos pacientes com a Covid-19 tiveram que se afastar do trabalho e, alguns, foram a \u00f3bito\u201d, completou Roberto Magliano. Ele ainda acrescenta que o CRM-PB tem se preocupado com as garantias trabalhistas destes profissionais enquanto estiverem doentes e sem prestar seus servi\u00e7os.<\/p>\n\n\n\n<p><strong>M\u00e9dicos Contra o Coronav\u00edrus<\/strong>&nbsp;&#8211; Para verificar as den\u00fancias e aumentar a seguran\u00e7a dos profissionais de sa\u00fade em seus locais de trabalho, o CRM-PB, atrav\u00e9s da campanha M\u00e9dicos Contra o Coronav\u00edrus, tem visitado hospitais e Unidades de Pronto Atendimento (UPAs) no Estado para verificar a quantidade de EPIs, respiradores, leitos e profissionais de sa\u00fade, como est\u00e1 sendo feito o fluxo de pacientes e alertando aos m\u00e9dicos sobre a necessidade de notifica\u00e7\u00e3o de todos os casos de s\u00edndrome respirat\u00f3ria, mesmo as leves e moderadas.<\/p>\n\n\n\n<p><strong>Plataforma de den\u00fancia<\/strong>&nbsp;&#8211; Os m\u00e9dicos do Estado podem fazer den\u00fancias atrav\u00e9s de um canal criado pelo Conselho Federal de Medicina (CFM), pela internet, para que sejam registradas as queixas da falta de estrutura de trabalho. Na plataforma (<a href=\"https:\/\/sistemas.cfm.org.br\/fiscalizacaocovid\/\">https:\/\/sistemas.cfm.org.br\/fiscalizacaocovid\/<\/a>), podem ser informadas as falhas identificadas pelos m\u00e9dicos. Na Para\u00edba j\u00e1 foram feitas mais de 60 den\u00fancias.<\/p>\n\n\n\n<p>Problemas no processo de triagem, falta de Equipamentos Individuais de Prote\u00e7\u00e3o (EPIs), insumos, exames e medicamentos, material para higieniza\u00e7\u00e3o e recursos humanos s\u00e3o as principais queixas dos m\u00e9dicos que atuam em unidades de sa\u00fade que prestam assist\u00eancia a casos confirmados e suspeitos de Covid-19 na Para\u00edba.<\/p>\n","protected":false},"excerpt":{"rendered":"<p>Mais de 400 m\u00e9dicos paraibanos j\u00e1 foram infectados pelo novo coronav\u00edrus desde o in\u00edcio da pandemia, em mar\u00e7o deste ano. Conforme dados do Boletim Epidemiol\u00f3gico&hellip; <\/p>\n","protected":false},"author":2,"featured_media":175987,"comment_status":"closed","ping_status":"closed","sticky":false,"template":"","format":"standard","meta":{"sfsi_plus_gutenberg_text_before_share":"","sfsi_plus_gutenberg_show_text_before_share":"","sfsi_plus_gutenberg_icon_type":"","sfsi_plus_gutenberg_icon_alignemt":"","sfsi_plus_gutenburg_max_per_row":"","footnotes":""},"categories":[2],"tags":[],"class_list":["post-175986","post","type-post","status-publish","format-standard","has-post-thumbnail","hentry","category-geral"],"_links":{"self":[{"href":"https:\/\/www.caririemacao.com\/1\/wp-json\/wp\/v2\/posts\/175986","targetHints":{"allow":["GET"]}}],"collection":[{"href":"https:\/\/www.caririemacao.com\/1\/wp-json\/wp\/v2\/posts"}],"about":[{"href":"https:\/\/www.caririemacao.com\/1\/wp-json\/wp\/v2\/types\/post"}],"author":[{"embeddable":true,"href":"https:\/\/www.caririemacao.com\/1\/wp-json\/wp\/v2\/users\/2"}],"replies":[{"embeddable":true,"href":"https:\/\/www.caririemacao.com\/1\/wp-json\/wp\/v2\/comments?post=175986"}],"version-history":[{"count":1,"href":"https:\/\/www.caririemacao.com\/1\/wp-json\/wp\/v2\/posts\/175986\/revisions"}],"predecessor-version":[{"id":175988,"href":"https:\/\/www.caririemacao.com\/1\/wp-json\/wp\/v2\/posts\/175986\/revisions\/175988"}],"wp:featuredmedia":[{"embeddable":true,"href":"https:\/\/www.caririemacao.com\/1\/wp-json\/wp\/v2\/media\/175987"}],"wp:attachment":[{"href":"https:\/\/www.caririemacao.com\/1\/wp-json\/wp\/v2\/media?parent=175986"}],"wp:term":[{"taxonomy":"category","embeddable":true,"href":"https:\/\/www.caririemacao.com\/1\/wp-json\/wp\/v2\/categories?post=175986"},{"taxonomy":"post_tag","embeddable":true,"href":"https:\/\/www.caririemacao.com\/1\/wp-json\/wp\/v2\/tags?post=175986"}],"curies":[{"name":"wp","href":"https:\/\/api.w.org\/{rel}","templated":true}]}}