{"id":175994,"date":"2020-06-25T14:36:21","date_gmt":"2020-06-25T17:36:21","guid":{"rendered":"https:\/\/www.caririemacao.com\/1\/?p=175994"},"modified":"2020-06-25T14:36:21","modified_gmt":"2020-06-25T17:36:21","slug":"bolsonaro-diz-que-entendimento-com-toffoli-maia-e-alcolumbre-sinaliza-dias-melhores-para-o-brasil","status":"publish","type":"post","link":"https:\/\/www.caririemacao.com\/1\/2020\/06\/25\/bolsonaro-diz-que-entendimento-com-toffoli-maia-e-alcolumbre-sinaliza-dias-melhores-para-o-brasil\/","title":{"rendered":"Bolsonaro diz que &#8216;entendimento&#8217; com Toffoli, Maia e Alcolumbre sinaliza &#8216;dias melhores&#8217; para o Brasil"},"content":{"rendered":"\n<h1 class=\"wp-block-heading\"><\/h1>\n\n\n\n<p>O presidente Jair Bolsonaro disse nesta quinta-feira (25), disse que o &#8220;entendimento&#8221; entre ele e os presidentes do Supremo Tribunal Federal (STF), Dias Toffoli, da C\u00e2mara, Rodrigo Maia (DEM-RJ) e do Senado, Davi Alcolumbre (DEM-AP) \u00e9 uma sinaliza\u00e7\u00e3o de &#8220;dias melhores&#8221; para o Brasil.<\/p>\n\n\n\n<p>O presidente discursou em um evento no Pal\u00e1cio do Planalto que celebrou um acordo de coopera\u00e7\u00e3o entre o governo e o Judici\u00e1rio para integrar tr\u00eas bases de dados com informa\u00e7\u00f5es sobre a Constitui\u00e7\u00e3o, leis ordin\u00e1rias e jurisprud\u00eancia. Toffoli estava presente.<\/p>\n\n\n\n<p>A fala de Bolsonaro ocorre ap\u00f3s semanas de crise entre o Pal\u00e1cio do Planalto e os demais poderes. Um dos principais fatores de desgaste foi o comparecimento de Bolsonaro a atos pr\u00f3-governo em que manifestantes pediam o fechamento do Congresso e do STF.<\/p>\n\n\n\n<p>&#8220;Esse entendimento, essa coopera\u00e7\u00e3o bem revela o momento que vivemos aqui no Brasil. Eu costumo sempre dizer quando estou com o presidente Toffoli, tamb\u00e9m com o Alcolumbre, ao Maia que s\u00e3o presidentes da C\u00e2mara e do Senado, que n\u00f3s somos pessoas privilegiadas. O nosso entendimento, sim, em um primeiro momento, \u00e9 o que pode sinalizar que teremos dias melhores para o nosso pa\u00eds&#8221;, afirmou Bolsonaro.<\/p>\n\n\n\n<p>Ainda segundo Bolsonaro, outras autoridades entram no que ele chamou de &#8220;entendimento&#8221; em prol do pa\u00eds, como os demais ministros do Supremo e todos os deputados e senadores. Ele defendeu &#8220;paz e tranquilidade&#8221; na condu\u00e7\u00e3o do Brasil.<\/p>\n\n\n\n<p>&#8220;Obviamente entra mais gente nesse entendimento, que s\u00e3o os deputados, senadores, os demais ministros do Supremo, nossos colegas do STJ, servidores. Que somente dessa forma, com paz, com tranquilidade, e sabendo da nossa responsabilidade, que n\u00f3s podemos, sim, colocar o Brasil naquele local que todo mundo sabe que ele chegar\u00e1&#8221;, completou o presidente.<\/p>\n\n\n\n<p><strong>Atritos com o Supremo<\/strong><\/p>\n\n\n\n<p>A fala desta quinta contrasta com o tom que Bolsonaro usou em alguns momentos, nas \u00faltimas semanas, para se referir ao Supremo.<\/p>\n\n\n\n<p>O presidente chegou a dizer que ordens &#8220;absurdas&#8221; n\u00e3o deveriam ser cumpridas, em refer\u00eancia a decis\u00f5es do ministro Alexandre de Moraes no inqu\u00e9rito das fake news, que investiga produ\u00e7\u00e3o em massa de informa\u00e7\u00f5es falsas e ataques \u00e0 Corte. Moraes \u00e9 o relator do caso.<\/p>\n\n\n\n<p>Na ocasi\u00e3o, Moraes tinha autorizado mandados de busca e apreens\u00e3o em endere\u00e7os de empres\u00e1rios e blogueiros aliados do governo. Ap\u00f3s reclamar da a\u00e7\u00e3o, Bolsonaro disse que tinha as &#8220;armas da democracia nas m\u00e3os&#8221;.<\/p>\n\n\n\n<p>Toffoli tamb\u00e9m falou no evento desta quinta, um pouco antes de Bolsonaro. Ele ressaltou que, numa democracia, os poderes devem estar conectados entre si.<\/p>\n\n\n\n<p>\u201cOs poderes da Rep\u00fablica est\u00e3o conectados pela pr\u00f3pria raz\u00e3o de ser do Estado Democr\u00e1tico de Direito: a promo\u00e7\u00e3o do bem comum, mediante a salvaguarda dos direitos e das liberdades fundamentais\u201d, disse Toffoli.<\/p>\n","protected":false},"excerpt":{"rendered":"<p>O presidente Jair Bolsonaro disse nesta quinta-feira (25), disse que o &#8220;entendimento&#8221; entre ele e os presidentes do Supremo Tribunal Federal (STF), Dias Toffoli, da&hellip; <\/p>\n","protected":false},"author":2,"featured_media":175995,"comment_status":"closed","ping_status":"closed","sticky":false,"template":"","format":"standard","meta":{"sfsi_plus_gutenberg_text_before_share":"","sfsi_plus_gutenberg_show_text_before_share":"","sfsi_plus_gutenberg_icon_type":"","sfsi_plus_gutenberg_icon_alignemt":"","sfsi_plus_gutenburg_max_per_row":"","footnotes":""},"categories":[11],"tags":[],"class_list":["post-175994","post","type-post","status-publish","format-standard","has-post-thumbnail","hentry","category-politica"],"_links":{"self":[{"href":"https:\/\/www.caririemacao.com\/1\/wp-json\/wp\/v2\/posts\/175994","targetHints":{"allow":["GET"]}}],"collection":[{"href":"https:\/\/www.caririemacao.com\/1\/wp-json\/wp\/v2\/posts"}],"about":[{"href":"https:\/\/www.caririemacao.com\/1\/wp-json\/wp\/v2\/types\/post"}],"author":[{"embeddable":true,"href":"https:\/\/www.caririemacao.com\/1\/wp-json\/wp\/v2\/users\/2"}],"replies":[{"embeddable":true,"href":"https:\/\/www.caririemacao.com\/1\/wp-json\/wp\/v2\/comments?post=175994"}],"version-history":[{"count":1,"href":"https:\/\/www.caririemacao.com\/1\/wp-json\/wp\/v2\/posts\/175994\/revisions"}],"predecessor-version":[{"id":175996,"href":"https:\/\/www.caririemacao.com\/1\/wp-json\/wp\/v2\/posts\/175994\/revisions\/175996"}],"wp:featuredmedia":[{"embeddable":true,"href":"https:\/\/www.caririemacao.com\/1\/wp-json\/wp\/v2\/media\/175995"}],"wp:attachment":[{"href":"https:\/\/www.caririemacao.com\/1\/wp-json\/wp\/v2\/media?parent=175994"}],"wp:term":[{"taxonomy":"category","embeddable":true,"href":"https:\/\/www.caririemacao.com\/1\/wp-json\/wp\/v2\/categories?post=175994"},{"taxonomy":"post_tag","embeddable":true,"href":"https:\/\/www.caririemacao.com\/1\/wp-json\/wp\/v2\/tags?post=175994"}],"curies":[{"name":"wp","href":"https:\/\/api.w.org\/{rel}","templated":true}]}}