{"id":175998,"date":"2020-06-25T14:38:12","date_gmt":"2020-06-25T17:38:12","guid":{"rendered":"https:\/\/www.caririemacao.com\/1\/?p=175998"},"modified":"2020-06-25T14:38:12","modified_gmt":"2020-06-25T17:38:12","slug":"aceitacao-da-homossexualidade-no-brasil-cresceu-de-61-em-2013-para-67-em-2019","status":"publish","type":"post","link":"https:\/\/www.caririemacao.com\/1\/2020\/06\/25\/aceitacao-da-homossexualidade-no-brasil-cresceu-de-61-em-2013-para-67-em-2019\/","title":{"rendered":"Aceita\u00e7\u00e3o da homossexualidade no Brasil cresceu de 61% em 2013 para 67% em 2019"},"content":{"rendered":"\n<h1 class=\"wp-block-heading\"><\/h1>\n\n\n\n<p>Entre os 34 pa\u00edses analisados, o Brasil aparece no 16\u00ba lugar, atr\u00e1s dos outros dois Estados latino-americanos inclu\u00eddos: M\u00e9xico (14\u00ba) e Argentina (10\u00ba).<\/p>\n\n\n\n<p>Ambos j\u00e1 apareciam \u00e0 frente do Brasil no levantamento anterior e tiveram altas mais expressivas: 15 pontos percentuais entre os mexicanos e 10 entre os argentinos.<\/p>\n\n\n\n<p>O pa\u00eds vizinho foi o primeiro entre os tr\u00eas a legalizar o casamento entre pessoas do mesmo sexo, em 2010, durante o governo de Cristina Kirchner.<\/p>\n\n\n\n<p>No M\u00e9xico, esse direito varia de uma regi\u00e3o a outra. Na Cidade do M\u00e9xico, o casamento gay foi legalizado em 2009, mas s\u00f3 passou a ter validade em todos os territ\u00f3rios ap\u00f3s uma decis\u00e3o da Suprema Corte, em 2010.<\/p>\n\n\n\n<p>Desde 2011, os estados de Coahuila e Chihuahua, ao norte, e Quintana Roo, ao sul, tamb\u00e9m legalizaram o casamento entre pessoas do mesmo g\u00eanero.<\/p>\n\n\n\n<p>Nos p\u00f3los extremos do ranking est\u00e3o a Su\u00e9cia, onde 94% se disseram a favor da aceita\u00e7\u00e3o da homossexualidade, e a Nig\u00e9ria, na qual apenas 7% dos entrevistados responderam o mesmo.<\/p>\n\n\n\n<p>A pesquisa, realizada em 2019 e divulgada nesta quinta-feira (25), mostra que, embora mais da metade dos entrevistados em 16 dos 34 pa\u00edses pesquisados diga que a homossexualidade deve ser aceita pela sociedade, discrep\u00e2ncias expressivas entre os \u00edndices nacionais persistem.<\/p>\n\n\n\n<p>Segundo o instituto, um dos fatores que influenciou as respostas \u00e9 o alinhamento pol\u00edtico dos entrevistados: pessoas mais \u00e0 direita apoiam menos o tema do que quem est\u00e1 \u00e0 esquerda no espectro pol\u00edtico.<\/p>\n\n\n\n<p>Nos Estados Unidos, 53% dos direitistas responderam a favor da aceita\u00e7\u00e3o \u201333 pontos percentuais atr\u00e1s dos esquerdistas, que registraram 86%.<\/p>\n\n\n\n<p>No pa\u00eds, pautas progressistas como a legaliza\u00e7\u00e3o do aborto e do casamento gay, e a proibi\u00e7\u00e3o de discrimina\u00e7\u00e3o de pessoas transexuais no ambiente de trabalho ganharam terreno gra\u00e7as a decis\u00f5es da Suprema Corte. Os legisladores federais n\u00e3o conseguiram formar maioria para adotar leis sobre esses temas -nem a favor, nem contra.<br>Essas demandas seguem sendo altamente sens\u00edveis entre o eleitorado americano \u2013a proibi\u00e7\u00e3o do aborto, por exemplo, \u00e9 uma das principais plataformas do Partido Republicano.<\/p>\n\n\n\n<p>A prefer\u00eancia pol\u00edtica tamb\u00e9m \u00e9 acentuada nos pa\u00edses europeus com governos populistas de direita ou nos quais h\u00e1 participa\u00e7\u00e3o expressiva de partidos com esse perfil na pol\u00edtica nacional.<\/p>\n\n\n\n<p>Na Hungria de Viktor Orb\u00e1n, por exemplo, 40% daqueles que se identificam com a direita responderam a favor, contra 61% daqueles que se alinham \u00e0 esquerda.<\/p>\n\n\n\n<p>Outro fator determinante para a percep\u00e7\u00e3o da homossexualidade, segundo o Instituto Pew, \u00e9 a idade. Em 2 de cada 3 pa\u00edses analisados, os jovens se mostraram significativamente mais propensos a serem favor\u00e1veis na quest\u00e3o.<\/p>\n\n\n\n<p>A diferen\u00e7a entre as respostas do grupo de 18 a 29 anos daquelas dos entrevistados de mais de 50 chegou a 56 pontos percentuais na Coreia do Sul, o pa\u00eds que mostrou a maior diferen\u00e7a generacional.<\/p>\n\n\n\n<p>O Jap\u00e3o fica em segundo lugar desse \u00edndice: a propor\u00e7\u00e3o de jovens favor\u00e1veis \u00e0 aceita\u00e7\u00e3o \u00e9 36 pontos percentuais mais alta.<\/p>\n\n\n\n<p>Seul tamb\u00e9m teve a maior diferen\u00e7a no recorte de g\u00eanero: 51% das mulheres se dizem a favor, enquanto apenas 37% dos homens concorda com esse posicionamento.<\/p>\n","protected":false},"excerpt":{"rendered":"<p>Entre os 34 pa\u00edses analisados, o Brasil aparece no 16\u00ba lugar, atr\u00e1s dos outros dois Estados latino-americanos inclu\u00eddos: M\u00e9xico (14\u00ba) e Argentina (10\u00ba). Ambos j\u00e1&hellip; <\/p>\n","protected":false},"author":2,"featured_media":175999,"comment_status":"closed","ping_status":"closed","sticky":false,"template":"","format":"standard","meta":{"sfsi_plus_gutenberg_text_before_share":"","sfsi_plus_gutenberg_show_text_before_share":"","sfsi_plus_gutenberg_icon_type":"","sfsi_plus_gutenberg_icon_alignemt":"","sfsi_plus_gutenburg_max_per_row":"","footnotes":""},"categories":[2],"tags":[],"class_list":["post-175998","post","type-post","status-publish","format-standard","has-post-thumbnail","hentry","category-geral"],"_links":{"self":[{"href":"https:\/\/www.caririemacao.com\/1\/wp-json\/wp\/v2\/posts\/175998","targetHints":{"allow":["GET"]}}],"collection":[{"href":"https:\/\/www.caririemacao.com\/1\/wp-json\/wp\/v2\/posts"}],"about":[{"href":"https:\/\/www.caririemacao.com\/1\/wp-json\/wp\/v2\/types\/post"}],"author":[{"embeddable":true,"href":"https:\/\/www.caririemacao.com\/1\/wp-json\/wp\/v2\/users\/2"}],"replies":[{"embeddable":true,"href":"https:\/\/www.caririemacao.com\/1\/wp-json\/wp\/v2\/comments?post=175998"}],"version-history":[{"count":1,"href":"https:\/\/www.caririemacao.com\/1\/wp-json\/wp\/v2\/posts\/175998\/revisions"}],"predecessor-version":[{"id":176000,"href":"https:\/\/www.caririemacao.com\/1\/wp-json\/wp\/v2\/posts\/175998\/revisions\/176000"}],"wp:featuredmedia":[{"embeddable":true,"href":"https:\/\/www.caririemacao.com\/1\/wp-json\/wp\/v2\/media\/175999"}],"wp:attachment":[{"href":"https:\/\/www.caririemacao.com\/1\/wp-json\/wp\/v2\/media?parent=175998"}],"wp:term":[{"taxonomy":"category","embeddable":true,"href":"https:\/\/www.caririemacao.com\/1\/wp-json\/wp\/v2\/categories?post=175998"},{"taxonomy":"post_tag","embeddable":true,"href":"https:\/\/www.caririemacao.com\/1\/wp-json\/wp\/v2\/tags?post=175998"}],"curies":[{"name":"wp","href":"https:\/\/api.w.org\/{rel}","templated":true}]}}