{"id":176002,"date":"2020-06-25T14:41:46","date_gmt":"2020-06-25T17:41:46","guid":{"rendered":"https:\/\/www.caririemacao.com\/1\/?p=176002"},"modified":"2020-06-25T14:41:46","modified_gmt":"2020-06-25T17:41:46","slug":"governo-federal-declara-emergencia-fitossanitaria-em-dois-estados-por-causa-de-nuvem-de-gafanhotos","status":"publish","type":"post","link":"https:\/\/www.caririemacao.com\/1\/2020\/06\/25\/governo-federal-declara-emergencia-fitossanitaria-em-dois-estados-por-causa-de-nuvem-de-gafanhotos\/","title":{"rendered":"Governo Federal declara emerg\u00eancia fitossanit\u00e1ria em dois estados por causa de nuvem de gafanhotos"},"content":{"rendered":"\n<h1 class=\"wp-block-heading\"><\/h1>\n\n\n\n<p>O Minist\u00e9rio da Agricultura, Pecu\u00e1ria e Abastecimento declarou estado de emerg\u00eancia fitossanit\u00e1ria no Rio Grande do Sul e em Santa Catarina devido ao risco de surto da praga Schistocerca cancellata nas \u00e1reas produtoras dos dois estados. A portaria com a medida est\u00e1 publicada no Di\u00e1rio Oficial da Uni\u00e3o desta quinta-feira (25).<\/p>\n\n\n\n<p>O estado de emerg\u00eancia tem por objetivo permitir a implementa\u00e7\u00e3o de plano de supress\u00e3o da praga e ado\u00e7\u00e3o de medidas emergenciais. De acordo com o minist\u00e9rio, a emerg\u00eancia fitossanit\u00e1ria \u00e9 por um prazo de 1 ano.<\/p>\n\n\n\n<p>A nuvem de gafanhotos est\u00e1 a cerca de 250 quil\u00f4metros da fronteira do Rio Grande do Sul com a Argentina. A preocupa\u00e7\u00e3o das autoridades do setor agropecu\u00e1rio e de produtores rurais \u00e9 o dano que os insetos possam causar \u00e0s lavouras e pastagens, se houver infesta\u00e7\u00e3o.<\/p>\n\n\n\n<p>A dieta do inseto varia, conforme a esp\u00e9cie, entre folhas, cereais, capins e outras gram\u00edneas. Segundo informa\u00e7\u00f5es repassadas \u00e0 Secretaria da Agricultura, Pecu\u00e1ria e Desenvolvimento Rural do Rio Grande do Sul, a nuvem \u00e9 origin\u00e1ria do Paraguai, das prov\u00edncias de Formosa e Chaco, onde h\u00e1 culturas de cana-de-a\u00e7\u00facar, mandioca e milho.<\/p>\n\n\n\n<p>Em nota, o minist\u00e9rio informou que est\u00e1 acompanhando o fen\u00f4meno em tempo real e que \u201cemitiu alerta para as superintend\u00eancias federais de Agricultura e aos \u00f3rg\u00e3os estaduais de Defesa Agropecu\u00e1ria para que sejam tomadas medidas cab\u00edveis de monitoramento e orienta\u00e7\u00e3o aos agricultores da regi\u00e3o.<\/p>\n\n\n\n<p>De acordo com a pasta, especialistas argentinos estimam que os insetos sigam em dire\u00e7\u00e3o ao Uruguai. A ocorr\u00eancia e o deslocamento da nuvem de gafanhotos s\u00e3o influenciados pela temperatura e circula\u00e7\u00e3o dos ventos.<\/p>\n\n\n\n<p>O fen\u00f4meno \u00e9 mais comum com temperatura elevada. Segundo o setor de Meteorologia da secretaria ga\u00facha, h\u00e1 expectativa de aproxima\u00e7\u00e3o de uma frente fria pelo sul do estado, que deve intensificar os ventos de norte e noroeste, \u201cpotencializando o deslocamento do massivo para a Fronteira Oeste, Miss\u00f5es e M\u00e9dio e Alto Vale do Rio Uruguai\u201d.<\/p>\n\n\n\n<p>A nota diz ainda que o gafanhoto est\u00e1 presente no Brasil desde o s\u00e9culo 19 e que causou grandes perdas \u00e0s lavouras de arroz na Regi\u00e3o Sul no per\u00edodo de 1930 a 1940. &#8220;No entanto, desde ent\u00e3o, tem permanecido na sua fase \u2018isolada\u2019, que n\u00e3o causa danos \u00e0s lavouras.\u201d<\/p>\n\n\n\n<p>O minist\u00e9rio informa que especialistas est\u00e3o avaliando \u201cos fatores que levaram ao ressurgimento desta praga em sua fase mais agressiva&#8221; e que o fen\u00f4meno pode estar relacionado a uma conjun\u00e7\u00e3o de fatores clim\u00e1ticos.<\/p>\n\n\n\n<p>A Secretaria de Agricultura do Rio Grande do Sul orienta os produtores rurais ga\u00fachos a informar a Inspetoria de Defesa Agropecu\u00e1ria da sua localidade se identificar a presen\u00e7a de tais insetos em grande quantidade.<\/p>\n","protected":false},"excerpt":{"rendered":"<p>O Minist\u00e9rio da Agricultura, Pecu\u00e1ria e Abastecimento declarou estado de emerg\u00eancia fitossanit\u00e1ria no Rio Grande do Sul e em Santa Catarina devido ao risco de&hellip; <\/p>\n","protected":false},"author":2,"featured_media":176003,"comment_status":"closed","ping_status":"closed","sticky":false,"template":"","format":"standard","meta":{"sfsi_plus_gutenberg_text_before_share":"","sfsi_plus_gutenberg_show_text_before_share":"","sfsi_plus_gutenberg_icon_type":"","sfsi_plus_gutenberg_icon_alignemt":"","sfsi_plus_gutenburg_max_per_row":"","footnotes":""},"categories":[2],"tags":[],"class_list":["post-176002","post","type-post","status-publish","format-standard","has-post-thumbnail","hentry","category-geral"],"_links":{"self":[{"href":"https:\/\/www.caririemacao.com\/1\/wp-json\/wp\/v2\/posts\/176002","targetHints":{"allow":["GET"]}}],"collection":[{"href":"https:\/\/www.caririemacao.com\/1\/wp-json\/wp\/v2\/posts"}],"about":[{"href":"https:\/\/www.caririemacao.com\/1\/wp-json\/wp\/v2\/types\/post"}],"author":[{"embeddable":true,"href":"https:\/\/www.caririemacao.com\/1\/wp-json\/wp\/v2\/users\/2"}],"replies":[{"embeddable":true,"href":"https:\/\/www.caririemacao.com\/1\/wp-json\/wp\/v2\/comments?post=176002"}],"version-history":[{"count":1,"href":"https:\/\/www.caririemacao.com\/1\/wp-json\/wp\/v2\/posts\/176002\/revisions"}],"predecessor-version":[{"id":176004,"href":"https:\/\/www.caririemacao.com\/1\/wp-json\/wp\/v2\/posts\/176002\/revisions\/176004"}],"wp:featuredmedia":[{"embeddable":true,"href":"https:\/\/www.caririemacao.com\/1\/wp-json\/wp\/v2\/media\/176003"}],"wp:attachment":[{"href":"https:\/\/www.caririemacao.com\/1\/wp-json\/wp\/v2\/media?parent=176002"}],"wp:term":[{"taxonomy":"category","embeddable":true,"href":"https:\/\/www.caririemacao.com\/1\/wp-json\/wp\/v2\/categories?post=176002"},{"taxonomy":"post_tag","embeddable":true,"href":"https:\/\/www.caririemacao.com\/1\/wp-json\/wp\/v2\/tags?post=176002"}],"curies":[{"name":"wp","href":"https:\/\/api.w.org\/{rel}","templated":true}]}}