{"id":176007,"date":"2020-06-25T15:04:58","date_gmt":"2020-06-25T18:04:58","guid":{"rendered":"https:\/\/www.caririemacao.com\/1\/?p=176007"},"modified":"2020-06-25T15:04:58","modified_gmt":"2020-06-25T18:04:58","slug":"amparo-obras-do-conjunto-habitacional-francisco-de-paula-arruda-seguem-em-ritmo-acelerado","status":"publish","type":"post","link":"https:\/\/www.caririemacao.com\/1\/2020\/06\/25\/amparo-obras-do-conjunto-habitacional-francisco-de-paula-arruda-seguem-em-ritmo-acelerado\/","title":{"rendered":"Amparo: obras do conjunto habitacional Francisco de Paula Arruda seguem em ritmo acelerado"},"content":{"rendered":"\n<p> A Prefeitura Municipal de Amparo publicou por meio de suas redes sociais, nesta quinta-feira 25, um resumo de como andam as obras de cal\u00e7amento e esgotamento sanit\u00e1rio do conjunto habitacional Francisco de Paula Arruda. <\/p>\n\n\n\n<p>De acordo com a prefeitura, as obras seguem em ritmo acelerado. O objetivo \u00e9 finaliz\u00e1-las o mais breve poss\u00edvel. <\/p>\n\n\n\n<figure class=\"wp-block-image size-large\"><img fetchpriority=\"high\" decoding=\"async\" width=\"847\" height=\"847\" src=\"https:\/\/www.caririemacao.com\/1\/wp-content\/uploads\/2020\/06\/prefeituramunicipaldeamparopb_20200625_50.jpg\" alt=\"\" class=\"wp-image-176013\" srcset=\"https:\/\/www.caririemacao.com\/1\/wp-content\/uploads\/2020\/06\/prefeituramunicipaldeamparopb_20200625_50.jpg 847w, https:\/\/www.caririemacao.com\/1\/wp-content\/uploads\/2020\/06\/prefeituramunicipaldeamparopb_20200625_50-300x300.jpg 300w, https:\/\/www.caririemacao.com\/1\/wp-content\/uploads\/2020\/06\/prefeituramunicipaldeamparopb_20200625_50-150x150.jpg 150w, https:\/\/www.caririemacao.com\/1\/wp-content\/uploads\/2020\/06\/prefeituramunicipaldeamparopb_20200625_50-768x768.jpg 768w\" sizes=\"(max-width: 847px) 100vw, 847px\" \/><\/figure>\n\n\n\n<figure class=\"wp-block-image size-large\"><img decoding=\"async\" width=\"847\" height=\"847\" data-src=\"https:\/\/www.caririemacao.com\/1\/wp-content\/uploads\/2020\/06\/prefeituramunicipaldeamparopb_20200625_54.jpg\" alt=\"\" class=\"wp-image-176014 lazyload\" data-srcset=\"https:\/\/www.caririemacao.com\/1\/wp-content\/uploads\/2020\/06\/prefeituramunicipaldeamparopb_20200625_54.jpg 847w, https:\/\/www.caririemacao.com\/1\/wp-content\/uploads\/2020\/06\/prefeituramunicipaldeamparopb_20200625_54-300x300.jpg 300w, https:\/\/www.caririemacao.com\/1\/wp-content\/uploads\/2020\/06\/prefeituramunicipaldeamparopb_20200625_54-150x150.jpg 150w, https:\/\/www.caririemacao.com\/1\/wp-content\/uploads\/2020\/06\/prefeituramunicipaldeamparopb_20200625_54-768x768.jpg 768w\" data-sizes=\"(max-width: 847px) 100vw, 847px\" src=\"data:image\/svg+xml;base64,PHN2ZyB3aWR0aD0iMSIgaGVpZ2h0PSIxIiB4bWxucz0iaHR0cDovL3d3dy53My5vcmcvMjAwMC9zdmciPjwvc3ZnPg==\" style=\"--smush-placeholder-width: 847px; --smush-placeholder-aspect-ratio: 847\/847;\" \/><\/figure>\n\n\n\n<figure class=\"wp-block-image size-large\"><img decoding=\"async\" width=\"847\" height=\"847\" data-src=\"https:\/\/www.caririemacao.com\/1\/wp-content\/uploads\/2020\/06\/prefeituramunicipaldeamparopb_20200625_53.jpg\" alt=\"\" class=\"wp-image-176015 lazyload\" data-srcset=\"https:\/\/www.caririemacao.com\/1\/wp-content\/uploads\/2020\/06\/prefeituramunicipaldeamparopb_20200625_53.jpg 847w, https:\/\/www.caririemacao.com\/1\/wp-content\/uploads\/2020\/06\/prefeituramunicipaldeamparopb_20200625_53-300x300.jpg 300w, https:\/\/www.caririemacao.com\/1\/wp-content\/uploads\/2020\/06\/prefeituramunicipaldeamparopb_20200625_53-150x150.jpg 150w, https:\/\/www.caririemacao.com\/1\/wp-content\/uploads\/2020\/06\/prefeituramunicipaldeamparopb_20200625_53-768x768.jpg 768w\" data-sizes=\"(max-width: 847px) 100vw, 847px\" src=\"data:image\/svg+xml;base64,PHN2ZyB3aWR0aD0iMSIgaGVpZ2h0PSIxIiB4bWxucz0iaHR0cDovL3d3dy53My5vcmcvMjAwMC9zdmciPjwvc3ZnPg==\" style=\"--smush-placeholder-width: 847px; --smush-placeholder-aspect-ratio: 847\/847;\" \/><\/figure>\n","protected":false},"excerpt":{"rendered":"<p>A Prefeitura Municipal de Amparo publicou por meio de suas redes sociais, nesta quinta-feira 25, um resumo de como andam as obras de cal\u00e7amento e&hellip; <\/p>\n","protected":false},"author":1,"featured_media":176012,"comment_status":"closed","ping_status":"closed","sticky":false,"template":"","format":"standard","meta":{"sfsi_plus_gutenberg_text_before_share":"","sfsi_plus_gutenberg_show_text_before_share":"","sfsi_plus_gutenberg_icon_type":"","sfsi_plus_gutenberg_icon_alignemt":"","sfsi_plus_gutenburg_max_per_row":"","footnotes":""},"categories":[6,50],"tags":[],"class_list":["post-176007","post","type-post","status-publish","format-standard","has-post-thumbnail","hentry","category-cidades","category-destaque"],"_links":{"self":[{"href":"https:\/\/www.caririemacao.com\/1\/wp-json\/wp\/v2\/posts\/176007","targetHints":{"allow":["GET"]}}],"collection":[{"href":"https:\/\/www.caririemacao.com\/1\/wp-json\/wp\/v2\/posts"}],"about":[{"href":"https:\/\/www.caririemacao.com\/1\/wp-json\/wp\/v2\/types\/post"}],"author":[{"embeddable":true,"href":"https:\/\/www.caririemacao.com\/1\/wp-json\/wp\/v2\/users\/1"}],"replies":[{"embeddable":true,"href":"https:\/\/www.caririemacao.com\/1\/wp-json\/wp\/v2\/comments?post=176007"}],"version-history":[{"count":1,"href":"https:\/\/www.caririemacao.com\/1\/wp-json\/wp\/v2\/posts\/176007\/revisions"}],"predecessor-version":[{"id":176016,"href":"https:\/\/www.caririemacao.com\/1\/wp-json\/wp\/v2\/posts\/176007\/revisions\/176016"}],"wp:featuredmedia":[{"embeddable":true,"href":"https:\/\/www.caririemacao.com\/1\/wp-json\/wp\/v2\/media\/176012"}],"wp:attachment":[{"href":"https:\/\/www.caririemacao.com\/1\/wp-json\/wp\/v2\/media?parent=176007"}],"wp:term":[{"taxonomy":"category","embeddable":true,"href":"https:\/\/www.caririemacao.com\/1\/wp-json\/wp\/v2\/categories?post=176007"},{"taxonomy":"post_tag","embeddable":true,"href":"https:\/\/www.caririemacao.com\/1\/wp-json\/wp\/v2\/tags?post=176007"}],"curies":[{"name":"wp","href":"https:\/\/api.w.org\/{rel}","templated":true}]}}