{"id":176017,"date":"2020-06-25T15:23:31","date_gmt":"2020-06-25T18:23:31","guid":{"rendered":"https:\/\/www.caririemacao.com\/1\/?p=176017"},"modified":"2020-06-25T15:23:31","modified_gmt":"2020-06-25T18:23:31","slug":"prefeitura-de-amparo-realiza-entrega-de-novos-epis-para-os-agentes-comunitarios-de-saude","status":"publish","type":"post","link":"https:\/\/www.caririemacao.com\/1\/2020\/06\/25\/prefeitura-de-amparo-realiza-entrega-de-novos-epis-para-os-agentes-comunitarios-de-saude\/","title":{"rendered":"Prefeitura de Amparo realiza entrega de novos EPIs para os Agentes Comunit\u00e1rios de Sa\u00fade"},"content":{"rendered":"\n<p>A Prefeitura Municipal de Amparo vem tomando todas as medidas de a\u00e7\u00f5es preventivas, no combate ao novo coronavirus no munic\u00edpio. As medidss  vem sendo tomadas desde o in\u00edcio da pandemia. <\/p>\n\n\n\n<p>Uma das medidas adotadas pela prefeitura  foi a entrega peri\u00f3dica de EPIs para todos os profissionais da \u00e1rea da sa\u00fade. <\/p>\n\n\n\n<p>Diante disso nesta \u00faltima semana a Prefeitura Municipal atrav\u00e9s da Secretaria de Sa\u00fade, realizaram a entrega de novos EPIs para os Agentes Comunit\u00e1rios de Sa\u00fade. <\/p>\n\n\n\n<figure class=\"wp-block-image size-large\"><img fetchpriority=\"high\" decoding=\"async\" width=\"847\" height=\"847\" src=\"https:\/\/www.caririemacao.com\/1\/wp-content\/uploads\/2020\/06\/prefeituramunicipaldeamparopb_20200625_60.jpg\" alt=\"\" class=\"wp-image-176019\" srcset=\"https:\/\/www.caririemacao.com\/1\/wp-content\/uploads\/2020\/06\/prefeituramunicipaldeamparopb_20200625_60.jpg 847w, https:\/\/www.caririemacao.com\/1\/wp-content\/uploads\/2020\/06\/prefeituramunicipaldeamparopb_20200625_60-300x300.jpg 300w, https:\/\/www.caririemacao.com\/1\/wp-content\/uploads\/2020\/06\/prefeituramunicipaldeamparopb_20200625_60-150x150.jpg 150w, https:\/\/www.caririemacao.com\/1\/wp-content\/uploads\/2020\/06\/prefeituramunicipaldeamparopb_20200625_60-768x768.jpg 768w\" sizes=\"(max-width: 847px) 100vw, 847px\" \/><\/figure>\n","protected":false},"excerpt":{"rendered":"<p>A Prefeitura Municipal de Amparo vem tomando todas as medidas de a\u00e7\u00f5es preventivas, no combate ao novo coronavirus no munic\u00edpio. As medidss vem sendo tomadas&hellip; <\/p>\n","protected":false},"author":1,"featured_media":176018,"comment_status":"closed","ping_status":"closed","sticky":false,"template":"","format":"standard","meta":{"sfsi_plus_gutenberg_text_before_share":"","sfsi_plus_gutenberg_show_text_before_share":"","sfsi_plus_gutenberg_icon_type":"","sfsi_plus_gutenberg_icon_alignemt":"","sfsi_plus_gutenburg_max_per_row":"","footnotes":""},"categories":[6,50],"tags":[],"class_list":["post-176017","post","type-post","status-publish","format-standard","has-post-thumbnail","hentry","category-cidades","category-destaque"],"_links":{"self":[{"href":"https:\/\/www.caririemacao.com\/1\/wp-json\/wp\/v2\/posts\/176017","targetHints":{"allow":["GET"]}}],"collection":[{"href":"https:\/\/www.caririemacao.com\/1\/wp-json\/wp\/v2\/posts"}],"about":[{"href":"https:\/\/www.caririemacao.com\/1\/wp-json\/wp\/v2\/types\/post"}],"author":[{"embeddable":true,"href":"https:\/\/www.caririemacao.com\/1\/wp-json\/wp\/v2\/users\/1"}],"replies":[{"embeddable":true,"href":"https:\/\/www.caririemacao.com\/1\/wp-json\/wp\/v2\/comments?post=176017"}],"version-history":[{"count":1,"href":"https:\/\/www.caririemacao.com\/1\/wp-json\/wp\/v2\/posts\/176017\/revisions"}],"predecessor-version":[{"id":176020,"href":"https:\/\/www.caririemacao.com\/1\/wp-json\/wp\/v2\/posts\/176017\/revisions\/176020"}],"wp:featuredmedia":[{"embeddable":true,"href":"https:\/\/www.caririemacao.com\/1\/wp-json\/wp\/v2\/media\/176018"}],"wp:attachment":[{"href":"https:\/\/www.caririemacao.com\/1\/wp-json\/wp\/v2\/media?parent=176017"}],"wp:term":[{"taxonomy":"category","embeddable":true,"href":"https:\/\/www.caririemacao.com\/1\/wp-json\/wp\/v2\/categories?post=176017"},{"taxonomy":"post_tag","embeddable":true,"href":"https:\/\/www.caririemacao.com\/1\/wp-json\/wp\/v2\/tags?post=176017"}],"curies":[{"name":"wp","href":"https:\/\/api.w.org\/{rel}","templated":true}]}}