{"id":176022,"date":"2020-06-25T15:39:04","date_gmt":"2020-06-25T18:39:04","guid":{"rendered":"https:\/\/www.caririemacao.com\/1\/?p=176022"},"modified":"2020-06-25T15:39:04","modified_gmt":"2020-06-25T18:39:04","slug":"prefeitura-de-amparo-aprimora-informatizacao-da-atencao-basica-e-implanta-o-sistema-cidade-saudavel","status":"publish","type":"post","link":"https:\/\/www.caririemacao.com\/1\/2020\/06\/25\/prefeitura-de-amparo-aprimora-informatizacao-da-atencao-basica-e-implanta-o-sistema-cidade-saudavel\/","title":{"rendered":"Prefeitura de Amparo aprimora informatiza\u00e7\u00e3o da Aten\u00e7\u00e3o B\u00e1sica e implanta o sistema Cidade Saud\u00e1vel"},"content":{"rendered":"\n<p>A Secretaria de Sa\u00fade de Amparo, por meio da secret\u00e1ria Ver\u00f4nica Rafael e o Coordenador da Aten\u00e7\u00e3o B\u00e1sica, Dr\u00ba Elvis Bruno fizeram a entregaram tablets aos Agentes Comunit\u00e1rios da Sa\u00fade (ACS), para utiliza\u00e7\u00e3o no dia a dia de trabalho.<br>Os equipamentos cont\u00e9m o sistema da Aten\u00e7\u00e3o B\u00e1sica, que ser\u00e1 alimentado pelos ACS durante as visitas. At\u00e9 ent\u00e3o, os agentes preenchiam manualmente as planilhas e, depois, lan\u00e7avam os dados no sistema. Agora, como os dados ser\u00e3o preenchidos e lan\u00e7ados apenas uma vez, a produtividade ser\u00e1 aumentada, assim como a qualidade do atendimento \u2013 uma vez que os agentes, enfermeiros e m\u00e9dicos ter\u00e3o mais informa\u00e7\u00f5es sobre o hist\u00f3rico dos pacientes.<\/p>\n\n\n\n<figure class=\"wp-block-image\"><a href=\"https:\/\/1.bp.blogspot.com\/-BFop56f4SkY\/Xu1Vo1ZYyBI\/AAAAAAABO3I\/NiJcI2agYHQjcyjjuBnuhssdJa-6z_VEgCLcBGAsYHQ\/s1600\/entrega%2Bdos%2Btablets%2B%252811%2529.JPG\"><img decoding=\"async\" data-src=\"https:\/\/1.bp.blogspot.com\/-BFop56f4SkY\/Xu1Vo1ZYyBI\/AAAAAAABO3I\/NiJcI2agYHQjcyjjuBnuhssdJa-6z_VEgCLcBGAsYHQ\/s640\/entrega%2Bdos%2Btablets%2B%252811%2529.JPG\" alt=\"\" src=\"data:image\/svg+xml;base64,PHN2ZyB3aWR0aD0iMSIgaGVpZ2h0PSIxIiB4bWxucz0iaHR0cDovL3d3dy53My5vcmcvMjAwMC9zdmciPjwvc3ZnPg==\" class=\"lazyload\" \/><\/a><\/figure>\n\n\n\n<p>Outro fator relevante da informatiza\u00e7\u00e3o dos dados \u00e9 a possibilidade de monitoramento do desempenho dos agentes.<br>Os Agentes receberam a capacita\u00e7\u00e3o pelo instrutor da empresa, Erasmo, que dar\u00e1 todo suporte durante essa fase de adapta\u00e7\u00e3o.<\/p>\n\n\n\n<figure class=\"wp-block-image\"><a href=\"https:\/\/1.bp.blogspot.com\/-C0PGv9OK9q0\/Xu1V1pRfQXI\/AAAAAAABO3M\/ihR9dGQmMtAwrTSQA-P_kqNTolApEFRfQCLcBGAsYHQ\/s1600\/entrega%2Bdos%2Btablets%2B%252818%2529.JPG\"><img decoding=\"async\" data-src=\"https:\/\/1.bp.blogspot.com\/-C0PGv9OK9q0\/Xu1V1pRfQXI\/AAAAAAABO3M\/ihR9dGQmMtAwrTSQA-P_kqNTolApEFRfQCLcBGAsYHQ\/s640\/entrega%2Bdos%2Btablets%2B%252818%2529.JPG\" alt=\"\" src=\"data:image\/svg+xml;base64,PHN2ZyB3aWR0aD0iMSIgaGVpZ2h0PSIxIiB4bWxucz0iaHR0cDovL3d3dy53My5vcmcvMjAwMC9zdmciPjwvc3ZnPg==\" class=\"lazyload\" \/><\/a><\/figure>\n\n\n\n<p>Ap\u00f3s o treinamento dos ACS, foi a vez de C\u00e1rcio, respons\u00e1vel pela T.I. da Secretaria de Sa\u00fade, a enfermeira Roberta e o coordenador da aten\u00e7\u00e3o b\u00e1sica, Dr\u00ba Elvis passarem pela capacita\u00e7\u00e3o para monitoramento e envio dos dados ao minist\u00e9rio da sa\u00fade.<br>A gest\u00e3o municipal inovando e se adaptando as novas tecnologias em sa\u00fade.<\/p>\n\n\n\n<figure class=\"wp-block-image\"><a href=\"https:\/\/1.bp.blogspot.com\/-FWj8xR1-etg\/Xu1WMfockpI\/AAAAAAABO3g\/9b6ei6fMBTcu-0rQVcUAZveCFy6JIBEZgCLcBGAsYHQ\/s1600\/entrega%2Bdos%2Btablets%2B%25281%2529.JPG\"><img decoding=\"async\" data-src=\"https:\/\/1.bp.blogspot.com\/-FWj8xR1-etg\/Xu1WMfockpI\/AAAAAAABO3g\/9b6ei6fMBTcu-0rQVcUAZveCFy6JIBEZgCLcBGAsYHQ\/s640\/entrega%2Bdos%2Btablets%2B%25281%2529.JPG\" alt=\"\" src=\"data:image\/svg+xml;base64,PHN2ZyB3aWR0aD0iMSIgaGVpZ2h0PSIxIiB4bWxucz0iaHR0cDovL3d3dy53My5vcmcvMjAwMC9zdmciPjwvc3ZnPg==\" class=\"lazyload\" \/><\/a><\/figure>\n\n\n\n<p>Com Amparo Ligado<\/p>\n","protected":false},"excerpt":{"rendered":"<p>A Secretaria de Sa\u00fade de Amparo, por meio da secret\u00e1ria Ver\u00f4nica Rafael e o Coordenador da Aten\u00e7\u00e3o B\u00e1sica, Dr\u00ba Elvis Bruno fizeram a entregaram tablets&hellip; <\/p>\n","protected":false},"author":1,"featured_media":176023,"comment_status":"closed","ping_status":"closed","sticky":false,"template":"","format":"standard","meta":{"sfsi_plus_gutenberg_text_before_share":"","sfsi_plus_gutenberg_show_text_before_share":"","sfsi_plus_gutenberg_icon_type":"","sfsi_plus_gutenberg_icon_alignemt":"","sfsi_plus_gutenburg_max_per_row":"","footnotes":""},"categories":[6],"tags":[],"class_list":["post-176022","post","type-post","status-publish","format-standard","has-post-thumbnail","hentry","category-cidades"],"_links":{"self":[{"href":"https:\/\/www.caririemacao.com\/1\/wp-json\/wp\/v2\/posts\/176022","targetHints":{"allow":["GET"]}}],"collection":[{"href":"https:\/\/www.caririemacao.com\/1\/wp-json\/wp\/v2\/posts"}],"about":[{"href":"https:\/\/www.caririemacao.com\/1\/wp-json\/wp\/v2\/types\/post"}],"author":[{"embeddable":true,"href":"https:\/\/www.caririemacao.com\/1\/wp-json\/wp\/v2\/users\/1"}],"replies":[{"embeddable":true,"href":"https:\/\/www.caririemacao.com\/1\/wp-json\/wp\/v2\/comments?post=176022"}],"version-history":[{"count":1,"href":"https:\/\/www.caririemacao.com\/1\/wp-json\/wp\/v2\/posts\/176022\/revisions"}],"predecessor-version":[{"id":176024,"href":"https:\/\/www.caririemacao.com\/1\/wp-json\/wp\/v2\/posts\/176022\/revisions\/176024"}],"wp:featuredmedia":[{"embeddable":true,"href":"https:\/\/www.caririemacao.com\/1\/wp-json\/wp\/v2\/media\/176023"}],"wp:attachment":[{"href":"https:\/\/www.caririemacao.com\/1\/wp-json\/wp\/v2\/media?parent=176022"}],"wp:term":[{"taxonomy":"category","embeddable":true,"href":"https:\/\/www.caririemacao.com\/1\/wp-json\/wp\/v2\/categories?post=176022"},{"taxonomy":"post_tag","embeddable":true,"href":"https:\/\/www.caririemacao.com\/1\/wp-json\/wp\/v2\/tags?post=176022"}],"curies":[{"name":"wp","href":"https:\/\/api.w.org\/{rel}","templated":true}]}}