{"id":176025,"date":"2020-06-25T17:30:35","date_gmt":"2020-06-25T20:30:35","guid":{"rendered":"https:\/\/www.caririemacao.com\/1\/?p=176025"},"modified":"2020-06-25T17:30:35","modified_gmt":"2020-06-25T20:30:35","slug":"secretaria-de-saude-de-monteiro-confirma-mais-04-novos-casos-de-covid-19-no-municipio","status":"publish","type":"post","link":"https:\/\/www.caririemacao.com\/1\/2020\/06\/25\/secretaria-de-saude-de-monteiro-confirma-mais-04-novos-casos-de-covid-19-no-municipio\/","title":{"rendered":"Secretaria de Sa\u00fade de Monteiro confirma mais 04 novos casos de Covid-19 no munic\u00edpio"},"content":{"rendered":"\n<p>A Secretaria Municipal de Sa\u00fade de Monteiro informa que nesta quinta-feira, 25, tivemos mais 04 novos casos CONFIRMADOS para Covid-19.<\/p>\n\n\n\n<p>Sendo 01 paciente de 11 anos, sexo masculino e 03 pacientes com 46, 59 e 78 anos, sexo feminino.<br>Todos permanecem em isolamento domiciliar, acompanhados pela Vigil\u00e2ncia em Sa\u00fade do Munic\u00edpio.<\/p>\n\n\n\n<p>Atestamos que nesta data foi registrado mais 05 casos RECUPERADOS, totalizando, 38 casos recuperados da COVID 19.<\/p>\n\n\n\n<p>&#x26a0;Refor\u00e7amos a import\u00e2ncia de toda popula\u00e7\u00e3o seguir as orienta\u00e7\u00f5es do distanciamento social, o uso de m\u00e1scaras, a higieniza\u00e7\u00e3o das m\u00e3os e objetos com \u00e1lcool 70% e demais medidas apresentadas pela Secretaria de Sa\u00fade.<\/p>\n","protected":false},"excerpt":{"rendered":"<p>A Secretaria Municipal de Sa\u00fade de Monteiro informa que nesta quinta-feira, 25, tivemos mais 04 novos casos CONFIRMADOS para Covid-19. Sendo 01 paciente de 11&hellip; <\/p>\n","protected":false},"author":1,"featured_media":176026,"comment_status":"closed","ping_status":"closed","sticky":false,"template":"","format":"standard","meta":{"sfsi_plus_gutenberg_text_before_share":"","sfsi_plus_gutenberg_show_text_before_share":"","sfsi_plus_gutenberg_icon_type":"","sfsi_plus_gutenberg_icon_alignemt":"","sfsi_plus_gutenburg_max_per_row":"","footnotes":""},"categories":[6,50],"tags":[],"class_list":["post-176025","post","type-post","status-publish","format-standard","has-post-thumbnail","hentry","category-cidades","category-destaque"],"_links":{"self":[{"href":"https:\/\/www.caririemacao.com\/1\/wp-json\/wp\/v2\/posts\/176025","targetHints":{"allow":["GET"]}}],"collection":[{"href":"https:\/\/www.caririemacao.com\/1\/wp-json\/wp\/v2\/posts"}],"about":[{"href":"https:\/\/www.caririemacao.com\/1\/wp-json\/wp\/v2\/types\/post"}],"author":[{"embeddable":true,"href":"https:\/\/www.caririemacao.com\/1\/wp-json\/wp\/v2\/users\/1"}],"replies":[{"embeddable":true,"href":"https:\/\/www.caririemacao.com\/1\/wp-json\/wp\/v2\/comments?post=176025"}],"version-history":[{"count":1,"href":"https:\/\/www.caririemacao.com\/1\/wp-json\/wp\/v2\/posts\/176025\/revisions"}],"predecessor-version":[{"id":176027,"href":"https:\/\/www.caririemacao.com\/1\/wp-json\/wp\/v2\/posts\/176025\/revisions\/176027"}],"wp:featuredmedia":[{"embeddable":true,"href":"https:\/\/www.caririemacao.com\/1\/wp-json\/wp\/v2\/media\/176026"}],"wp:attachment":[{"href":"https:\/\/www.caririemacao.com\/1\/wp-json\/wp\/v2\/media?parent=176025"}],"wp:term":[{"taxonomy":"category","embeddable":true,"href":"https:\/\/www.caririemacao.com\/1\/wp-json\/wp\/v2\/categories?post=176025"},{"taxonomy":"post_tag","embeddable":true,"href":"https:\/\/www.caririemacao.com\/1\/wp-json\/wp\/v2\/tags?post=176025"}],"curies":[{"name":"wp","href":"https:\/\/api.w.org\/{rel}","templated":true}]}}