{"id":176031,"date":"2020-06-26T06:38:44","date_gmt":"2020-06-26T09:38:44","guid":{"rendered":"https:\/\/www.caririemacao.com\/1\/?p=176031"},"modified":"2020-06-26T06:38:44","modified_gmt":"2020-06-26T09:38:44","slug":"paraiba-mais-de-900-novos-casos-de-covid-19-sao-registrados-em-apenas-24h","status":"publish","type":"post","link":"https:\/\/www.caririemacao.com\/1\/2020\/06\/26\/paraiba-mais-de-900-novos-casos-de-covid-19-sao-registrados-em-apenas-24h\/","title":{"rendered":"Para\u00edba: Mais de 900 novos casos de Covid-19 s\u00e3o registrados em apenas 24h"},"content":{"rendered":"\n<p>A Secretaria de Estado da Sa\u00fade divulgou novo boletim epidemiol\u00f3gico que informa os novos casos confirmados e de mortes por coronav\u00edrus.<\/p>\n\n\n\n<p>Nesta quinta, 25 de junho, a Para\u00edba registrou 912 novos casos de Covid-19 e 14 \u00f3bitos confirmados desde a \u00faltima atualiza\u00e7\u00e3o, 03 deles ocorridos nas \u00faltimas 24h.<\/p>\n\n\n\n<p>S\u00e3o 40.824 pessoas que j\u00e1 contra\u00edram a doen\u00e7a, 12.113 que j\u00e1 se recuperaram e 842 faleceram. At\u00e9 o momento, 120.781 testes para diagn\u00f3stico da Covid-19 j\u00e1 foram realizados.<\/p>\n\n\n\n<p>A ocupa\u00e7\u00e3o total de leitos de UTI (adulto, pedi\u00e1trico e obst\u00e9trico) em todo o estado \u00e9 de 66%.<\/p>\n\n\n\n<p>\u201cFazendo um recorte apenas dos leitos de UTI para adultos na Regi\u00e3o Metropolitana de Jo\u00e3o Pessoa, a taxa de ocupa\u00e7\u00e3o chega a 74%. Em Campina Grande, est\u00e3o ocupados 71% dos leitos de UTI adulto e no sert\u00e3o, 46% dos leitos de UTI para adultos\u201d, revelou o boletim.<\/p>\n\n\n\n<p>O \u00edndice de Isolamento Social no feriado de S\u00e3o Jo\u00e3o foi de apenas 43,8%, considerado baixo em rela\u00e7\u00e3o \u00e0 meta de 70% e \u00e0 m\u00ednima de 50%.<\/p>\n\n\n\n<p>Os casos confirmados est\u00e3o distribu\u00eddos por 216 dos 223 munic\u00edpios paraibanos:<\/p>\n\n\n\n<p>\u00c1gua Branca (20); Aguiar (12); Alagoa Grande (373); Alagoa Nova (145); Alagoinha (327); Alcantil (18); Algod\u00e3o de Janda\u00edra (3); Alhandra (289); Amparo (12); Aparecida (21); Ara\u00e7agi (204); Arara (66); Araruna (47); Areia (148); Areia de Bara\u00fanas (1); Areial (27); Aroeiras (74); Assun\u00e7\u00e3o (22); Baia da Trai\u00e7\u00e3o (141); Bananeiras (71); Bara\u00fana (98); Barra de Santa Rosa (17); Barra de Santana (46); Barra de S\u00e3o Miguel (6); Bayeux (770); Bel\u00e9m (206); Bel\u00e9m do Brejo do Cruz (7); Bernardino Batista (3); Boa Ventura (2); Boa Vista (48); Bom Jesus (3); Bom Sucesso (6); Bonito de Santa F\u00e9 (2); Boqueir\u00e3o (87); Borborema (4); Brejo do Cruz (72); Brejo dos Santos (4);<\/p>\n\n\n\n<p>Caapor\u00e3 (711); Cabaceiras (10); Cabedelo (1657); Cachoeira dos \u00cdndios (40); Cacimba de Areia (7); Cacimba de Dentro (40); Cacimbas (30); Cai\u00e7ara (130); Cajazeiras (433); Cajazeirinhas (1); Caldas Brand\u00e3o (58); Camala\u00fa (1);&nbsp;<strong>Campina Grande (6025);<\/strong>&nbsp;Capim (97); Cara\u00fabas (8); Carrapateira (5); Casserengue (93); Catingueira (12), Catol\u00e9 do Rocha (129); Caturit\u00e9 (50); Concei\u00e7\u00e3o (8); Condado (65); Conde (302); Congo (26); Coremas (25); Coxixola (9); Cruz do Esp\u00edrito Santo (180); Cubati (38); Cuit\u00e9 (69); Cuit\u00e9 de Mamanguape (37); Cuiteg\u00ed (93); Curral de Cima (15); Curral Velho (1),<\/p>\n\n\n\n<p>Dami\u00e3o (3); Desterro (26); Diamante (2); Dona In\u00eas (8); Duas Estradas (40); Emas (2); Esperan\u00e7a (219); Fagundes (36); Frei Martinho (1); Gado Bravo (55); Guarabira (1894); Gurinh\u00e9m (137); Gurj\u00e3o (18); Ibiara (10); Igaracy (2); Imaculada (13); Ing\u00e1 (270); Itabaiana (511); Itaporanga (22); Itapororoca (153); Itatuba (106); Jacara\u00fa (96); Jeric\u00f3 (4);&nbsp;<strong>Jo\u00e3o Pessoa (11369)<\/strong>; Joca Claudino (1); Juarez T\u00e1vora (102); Juazeirinho (94); Junco do Serid\u00f3 (21); Juripiranga (261); Juru (9);<\/p>\n\n\n\n<p>Lagoa (3); Lagoa de Dentro (30); Lagoa Seca (344); Lastro (13); Livramento (29); Logradouro (39); Lucena (155); M\u00e3e d\u2019\u00c1gua (11); Malta (18); Mamanguape (1029); Mana\u00edra (7); Marca\u00e7\u00e3o (24); Mari (307); Mariz\u00f3polis (6); Massaranduba (118); Mataraca (81); Matinhas (34); Mato Grosso (7); Matureia (19); Mogeiro (56); Montadas (28); Monteiro (69); Mulungu (123); Natuba (32); Nazarezinho (4); Nova Floresta (12), Nova Olinda (5); Nova Palmeira (25); Olho D\u00b4\u00c1gua (28); Olivedos (26);<\/p>\n\n\n\n<p>Parari (4); Passagem (26); Patos (1187); Paulista (57); Pedra Lavrada (20); Pedras de Fogo (828); Pedro R\u00e9gis (11); Pianc\u00f3 (42); Picu\u00ed (70); Pilar (120); Pil\u00f5es (33); Pil\u00f5ezinhos (114); Pirpirituba (59); Pitimbu (432); Pocinhos (46); &nbsp;Po\u00e7o Dantas (1); Pombal (136); Princesa Isabel (37); Puxinan\u00e3 (150);&nbsp; Queimadas (409); Quixaba (24); Rem\u00edgio (140); Riach\u00e3o (19); Riach\u00e3o do Bacamarte (162);&nbsp; Riach\u00e3o do Po\u00e7o (23); Riacho de Santo Ant\u00f4nio (7); Riacho dos Cavalos (2); Rio Tinto (348); Salgadinho (9); Salgado de S\u00e3o Felix (85);<\/p>\n\n\n\n<p>Santa Cec\u00edlia (13); Santa Cruz (9); Santa Helena (9); Santa In\u00eas (7);&nbsp; Santa Luzia (158); Santa Rita (1166); Santa Terezinha (26); Santana de Mangueira (1); Santana dos Garrotes (3); Santo Andr\u00e9 (1); S\u00e3o Bentinho (20); S\u00e3o Bento (522); S\u00e3o Domingos do Cariri (5);&nbsp; S\u00e3o Francisco (7);&nbsp; S\u00e3o Jo\u00e3o do Cariri (24); S\u00e3o Jo\u00e3o do Rio do Peixe (29); S\u00e3o Jo\u00e3o do Tigre (3); S\u00e3o Jos\u00e9 da Lagoa Tapada (18); S\u00e3o Jos\u00e9 de Caiana (23); S\u00e3o Jos\u00e9 de Espinharas (5); S\u00e3o Jos\u00e9 de Piranhas (28); S\u00e3o Jos\u00e9 do Bonfim (44); S\u00e3o Jos\u00e9 do Brejo do Cruz (2); S\u00e3o Jos\u00e9 do Sabugi (139);<\/p>\n\n\n\n<p>S\u00e3o Jos\u00e9 dos Cordeiros (4); S\u00e3o Jos\u00e9 dos Ramos (70); S\u00e3o Mamede (24); S\u00e3o Miguel de Taipu (67); S\u00e3o Sebasti\u00e3o de Lagoa de Ro\u00e7a (115); S\u00e3o Sebasti\u00e3o do Umbuzeiro (4); S\u00e3o Vicente do Serid\u00f3 (18); Sap\u00e9 (444); Serra Branca (26); Serra da Ra\u00edz (12); Serra Grande (3); Serra Redonda (114); Serraria (22); Sert\u00e3ozinho (32); Sobrado (64); Sol\u00e2nea (138); Soledade (76); Sossego (4), Sousa (458); Sum\u00e9 (41); Tacima (51); Tapero\u00e1 (42); Tavares (25); Teixeira (57); Ten\u00f3rio (11); Triunfo (2); Uira\u00fana (18); Umbuzeiro (30); V\u00e1rzea (7); Vieir\u00f3polis (4); Vista Serrana (3), Zabel\u00ea (1).<\/p>\n\n\n\n<p>*Dados Oficiais preliminares (fonte: SIM,e-sus VE e SIVEP) extra\u00eddos \u00e0s 10h do dia 25\/06, sujeitos a altera\u00e7\u00e3o por parte dos munic\u00edpios.<\/p>\n\n\n\n<p>14 \u00f3bitos foram registrados, 05 deles ocorridos nas \u00faltimas 48h.<\/p>\n\n\n\n<p>-Homem, 40 anos, residente em Bayeux. Portador de doen\u00e7a respirat\u00f3ria. In\u00edcio dos sintomas no dia 28\/05, foi a \u00f3bito em hospital p\u00fablico no dia 15\/06.<\/p>\n\n\n\n<p>-Mulher, 71 anos, residente em Campina Grande. Comorbidades n\u00e3o informadas. In\u00edcio dos sintomas em 13\/05. Foi a \u00f3bito em hospital p\u00fablico em 01\/06.<\/p>\n\n\n\n<p>-Homem, 94 anos, residente em Campina Grande. Sem comorbidade. In\u00edcio dos sintomas em 24\/05, foi a \u00f3bito em hospital p\u00fablico em 23\/06.<\/p>\n\n\n\n<p>-Mulher, 51 anos, residente em Cuit\u00e9 de Mamanguape.Comorbidades n\u00e3o informadas. In\u00edcio dos sintomas em 15\/06, foi a \u00f3bito em hospital p\u00fablico no dia 20\/06.<\/p>\n\n\n\n<p>-Mulher 91 anos, residente em Jo\u00e3o Pessoa. Paciente com anemia, doen\u00e7a neurol\u00f3gica e renal. In\u00edcio dos sintomas em 20\/06 foi a \u00f3bito em hospital p\u00fablico no dia 24\/06.<\/p>\n\n\n\n<p>-Homem, 42 anos, residente em Lagoa Seca. Comorbidades n\u00e3o informadas. In\u00edcio dos sintomas em 13\/05, foi a \u00f3bito em hospital p\u00fablico em 25\/05.<\/p>\n\n\n\n<p>-Mulher, 80 anos, residente em Mamanguape. Diab\u00e9tica, cardiopata. In\u00edcio dos sintomas em 17\/06, foi a \u00f3bito em hospital p\u00fablico no dia 25\/06.<\/p>\n\n\n\n<p>-Homem, 50 anos, residente em Mari. Sem comorbidades. In\u00edcio de sintomas em 29\/05, foi a \u00f3bito em hospital p\u00fablico no dia 12\/06.<\/p>\n\n\n\n<p>-Mulher, 89 anos, residente em Rio Tinto. Diab\u00e9tica, Cardiopata, portadora de doen\u00e7a neurol\u00f3gica. In\u00edcio dos sintomas em 17\/06, foi a \u00f3bito em hospital p\u00fablico no dia 24\/06.<\/p>\n\n\n\n<p>-Homem, 55 anos, residente em Salgado de S\u00e3o Felix. Hipertenso. In\u00edcio dos sintomas em 07\/06, foi a \u00f3bito em hospital p\u00fablico em 20\/06.<\/p>\n\n\n\n<p>-Mulher, 53 anos, residente em Santa Rita. Hipertensa. In\u00edcio dos sintomas em 16\/06 foi a \u00f3bito em hospital p\u00fablico no dia 20\/06.<\/p>\n\n\n\n<p>-Mulher, 91 anos, residente em Santa Rita.Hipertensa e cardiopata.In\u00edcio dos sintomas em 02\/06, foi a \u00f3bito em hospital p\u00fablico em 20\/06.<\/p>\n\n\n\n<p>-Mulher, 74 anos, residente em S\u00e3o Bento. Hipertensa e diab\u00e9tica. In\u00edcio dos sintomas em 16\/06, foi a \u00f3bito em hospital p\u00fablico no dia 23\/06.<\/p>\n\n\n\n<p>-Mulher, 79 anos, residente em Serra Branca. Obesa e cardiopata. In\u00edcio dos sintomas em 10\/06, foi a \u00f3bito em hospital p\u00fablico no dia 11\/06.<\/p>\n\n\n\n<p>Os dados epidemiol\u00f3gicos e de ocupa\u00e7\u00e3o de leitos est\u00e3o dispon\u00edveis em www.paraiba.pb.gov.br\/coronavirus<\/p>\n","protected":false},"excerpt":{"rendered":"<p>A Secretaria de Estado da Sa\u00fade divulgou novo boletim epidemiol\u00f3gico que informa os novos casos confirmados e de mortes por coronav\u00edrus. Nesta quinta, 25 de&hellip; <\/p>\n","protected":false},"author":2,"featured_media":173943,"comment_status":"closed","ping_status":"closed","sticky":false,"template":"","format":"standard","meta":{"sfsi_plus_gutenberg_text_before_share":"","sfsi_plus_gutenberg_show_text_before_share":"","sfsi_plus_gutenberg_icon_type":"","sfsi_plus_gutenberg_icon_alignemt":"","sfsi_plus_gutenburg_max_per_row":"","footnotes":""},"categories":[16],"tags":[],"class_list":["post-176031","post","type-post","status-publish","format-standard","has-post-thumbnail","hentry","category-saude"],"_links":{"self":[{"href":"https:\/\/www.caririemacao.com\/1\/wp-json\/wp\/v2\/posts\/176031","targetHints":{"allow":["GET"]}}],"collection":[{"href":"https:\/\/www.caririemacao.com\/1\/wp-json\/wp\/v2\/posts"}],"about":[{"href":"https:\/\/www.caririemacao.com\/1\/wp-json\/wp\/v2\/types\/post"}],"author":[{"embeddable":true,"href":"https:\/\/www.caririemacao.com\/1\/wp-json\/wp\/v2\/users\/2"}],"replies":[{"embeddable":true,"href":"https:\/\/www.caririemacao.com\/1\/wp-json\/wp\/v2\/comments?post=176031"}],"version-history":[{"count":1,"href":"https:\/\/www.caririemacao.com\/1\/wp-json\/wp\/v2\/posts\/176031\/revisions"}],"predecessor-version":[{"id":176032,"href":"https:\/\/www.caririemacao.com\/1\/wp-json\/wp\/v2\/posts\/176031\/revisions\/176032"}],"wp:featuredmedia":[{"embeddable":true,"href":"https:\/\/www.caririemacao.com\/1\/wp-json\/wp\/v2\/media\/173943"}],"wp:attachment":[{"href":"https:\/\/www.caririemacao.com\/1\/wp-json\/wp\/v2\/media?parent=176031"}],"wp:term":[{"taxonomy":"category","embeddable":true,"href":"https:\/\/www.caririemacao.com\/1\/wp-json\/wp\/v2\/categories?post=176031"},{"taxonomy":"post_tag","embeddable":true,"href":"https:\/\/www.caririemacao.com\/1\/wp-json\/wp\/v2\/tags?post=176031"}],"curies":[{"name":"wp","href":"https:\/\/api.w.org\/{rel}","templated":true}]}}