{"id":176034,"date":"2020-06-26T06:41:29","date_gmt":"2020-06-26T09:41:29","guid":{"rendered":"https:\/\/www.caririemacao.com\/1\/?p=176034"},"modified":"2020-06-26T06:41:29","modified_gmt":"2020-06-26T09:41:29","slug":"veja-os-novos-valores-do-auxilio-emergencial-que-o-governo-divulgou","status":"publish","type":"post","link":"https:\/\/www.caririemacao.com\/1\/2020\/06\/26\/veja-os-novos-valores-do-auxilio-emergencial-que-o-governo-divulgou\/","title":{"rendered":"Veja os novos valores do aux\u00edlio emergencial que o governo divulgou"},"content":{"rendered":"\n<p>O presidente Jair Bolsonaro afirmou nesta quinta-feira (25) que haver\u00e1 prorroga\u00e7\u00e3o do aux\u00edlio emergencial de R$ 600 por mais tr\u00eas meses.<\/p>\n\n\n\n<p>O benef\u00edcio, segundo ele, ser\u00e1 reduzido gradualmente, e deve ter parcelas de R$ 500, R$ 400 e R$ 300. Depois, o pagamento da assist\u00eancia a trabalhadores informais seria encerrado.<\/p>\n","protected":false},"excerpt":{"rendered":"<p>O presidente Jair Bolsonaro afirmou nesta quinta-feira (25) que haver\u00e1 prorroga\u00e7\u00e3o do aux\u00edlio emergencial de R$ 600 por mais tr\u00eas meses. O benef\u00edcio, segundo ele,&hellip; <\/p>\n","protected":false},"author":2,"featured_media":175187,"comment_status":"closed","ping_status":"closed","sticky":false,"template":"","format":"standard","meta":{"sfsi_plus_gutenberg_text_before_share":"","sfsi_plus_gutenberg_show_text_before_share":"","sfsi_plus_gutenberg_icon_type":"","sfsi_plus_gutenberg_icon_alignemt":"","sfsi_plus_gutenburg_max_per_row":"","footnotes":""},"categories":[50,2],"tags":[],"class_list":["post-176034","post","type-post","status-publish","format-standard","has-post-thumbnail","hentry","category-destaque","category-geral"],"_links":{"self":[{"href":"https:\/\/www.caririemacao.com\/1\/wp-json\/wp\/v2\/posts\/176034","targetHints":{"allow":["GET"]}}],"collection":[{"href":"https:\/\/www.caririemacao.com\/1\/wp-json\/wp\/v2\/posts"}],"about":[{"href":"https:\/\/www.caririemacao.com\/1\/wp-json\/wp\/v2\/types\/post"}],"author":[{"embeddable":true,"href":"https:\/\/www.caririemacao.com\/1\/wp-json\/wp\/v2\/users\/2"}],"replies":[{"embeddable":true,"href":"https:\/\/www.caririemacao.com\/1\/wp-json\/wp\/v2\/comments?post=176034"}],"version-history":[{"count":1,"href":"https:\/\/www.caririemacao.com\/1\/wp-json\/wp\/v2\/posts\/176034\/revisions"}],"predecessor-version":[{"id":176035,"href":"https:\/\/www.caririemacao.com\/1\/wp-json\/wp\/v2\/posts\/176034\/revisions\/176035"}],"wp:featuredmedia":[{"embeddable":true,"href":"https:\/\/www.caririemacao.com\/1\/wp-json\/wp\/v2\/media\/175187"}],"wp:attachment":[{"href":"https:\/\/www.caririemacao.com\/1\/wp-json\/wp\/v2\/media?parent=176034"}],"wp:term":[{"taxonomy":"category","embeddable":true,"href":"https:\/\/www.caririemacao.com\/1\/wp-json\/wp\/v2\/categories?post=176034"},{"taxonomy":"post_tag","embeddable":true,"href":"https:\/\/www.caririemacao.com\/1\/wp-json\/wp\/v2\/tags?post=176034"}],"curies":[{"name":"wp","href":"https:\/\/api.w.org\/{rel}","templated":true}]}}