{"id":176038,"date":"2020-06-26T06:45:32","date_gmt":"2020-06-26T09:45:32","guid":{"rendered":"https:\/\/www.caririemacao.com\/1\/?p=176038"},"modified":"2020-06-26T06:45:32","modified_gmt":"2020-06-26T09:45:32","slug":"mulher-de-68-anos-contrai-raiva-humana-apos-ser-mordida-por-raposa-no-sertao-da-paraiba","status":"publish","type":"post","link":"https:\/\/www.caririemacao.com\/1\/2020\/06\/26\/mulher-de-68-anos-contrai-raiva-humana-apos-ser-mordida-por-raposa-no-sertao-da-paraiba\/","title":{"rendered":"Mulher de 68 anos contrai raiva humana ap\u00f3s ser mordida por raposa no Sert\u00e3o da Para\u00edba"},"content":{"rendered":"\n<p>A Secretaria de Estado da Sa\u00fade da Para\u00edba confirmou um caso de raiva humana. O primeiro desde 2015, quando foi registrado um caso em Jacara\u00fa. Uma idosa de 68 anos, de Riacho dos Cavalos, Sert\u00e3o paraibano, foi mordida na m\u00e3o por uma raposa, no dia 8 de abril deste ano, tendo que amputar parte do membro.<\/p>\n\n\n\n<p>Segundo informa\u00e7\u00f5es obtidas pelo ClickPB, o&nbsp;resultado do exame laboratorial foi dado nessa quarta-feira (24) pelo Instituto Pasteur, com resultado detect\u00e1vel (com variante viral caracter\u00edstica can\u00eddeos silvestres).<\/p>\n\n\n\n<p>No dia 9 de abril, a mulher procurou uma Unidade B\u00e1sica de Sa\u00fade e n\u00e3o tinha registro de cuidados ap\u00f3s ter sido ferida.<\/p>\n\n\n\n<p>Ent\u00e3o, no dia 10 de junho, ela foi internada no hospital de Catol\u00e9 do Rocha, com sintomas de raiva humana. Ela tinha disfagia, espasmos, desorienta\u00e7\u00e3o e agita\u00e7\u00e3o psicomotora. No mesmo dia, ela foi transferida para o Hospital Universit\u00e1rio Lauro Wanderley, o HU de Jo\u00e3o Pessoa, refer\u00eancia no tratamento do caso. Foi coletado material para exame em laborat\u00f3rio de refer\u00eancia, com confirma\u00e7\u00e3o obtida&nbsp;ontem.<\/p>\n\n\n\n<p>A mulher est\u00e1 internada em estado grave, por\u00e9m est\u00e1vel, entubada. Segundo a nota da SES, &#8220;mesmo com seda\u00e7\u00e3o apresentou movimentos de membros, espasmos e disautonomia.&#8221;<\/p>\n\n\n\n<p>A Secretaria de Estado da Sa\u00fade (SES) divulgou, nesta quinta-feira (25), um of\u00edcio circular com alerta para medidas de preven\u00e7\u00e3o da raiva humana.&nbsp;A raiva \u00e9 uma doen\u00e7a infecciosa viral aguda, que acomete mam\u00edferos, inclusive o homem, e \u00e9 transmitida para os humanos pela saliva de animais infectados, principalmente por meio da mordedura, podendo ser transmitida tamb\u00e9m pela arranhadura ou lambedura desses animais. O v\u00edrus ataca o Sistema Nervoso Central.<\/p>\n\n\n\n<p>&#8220;Trata-se de uma doen\u00e7a extremamente aguda e com letalidade de 99,9%. Com base em orienta\u00e7\u00f5es do Minist\u00e9rio da Sa\u00fade, a SES alerta a popula\u00e7\u00e3o para que redobre os cuidados preventivos, principalmente no trato de c\u00e3es e gatos domiciliados, semi-domiciliados e de rua, al\u00e9m de outros animais como bois, porcos e cavalos. \u00c9 muito importante evitar ao m\u00e1ximo os acidentes com esses animais e animais silvestres&#8221;, alertou a gerente executiva de Vigil\u00e2ncia em Sa\u00fade da SES, Talita Tavares.<\/p>\n\n\n\n<p>No Brasil e no mundo, os c\u00e3es ainda s\u00e3o considerados respons\u00e1veis por mais de 90% da exposi\u00e7\u00e3o do homem ao v\u00edrus da raiva e por mortes em seres humanos pela doen\u00e7a.&nbsp;&#8220;No caso de agress\u00e3o por parte de algum animal, a assist\u00eancia m\u00e9dica deve ser procurada o mais r\u00e1pido poss\u00edvel. Se for uma poss\u00edvel exposi\u00e7\u00e3o ao v\u00edrus da raiva, \u00e9 imprescind\u00edvel a limpeza do ferimento com \u00e1gua corrente abundante e sab\u00e3o ou outro detergente, em seguida antiss\u00e9pticos. A limpeza cuidadosa tem que ser feita o mais r\u00e1pido poss\u00edvel ap\u00f3s a agress\u00e3o e repetida na unidade de sa\u00fade, independentemente do tempo transcorrido\u201d, orientou o chefe do N\u00facleo de Zoonoses da Secretaria, Francisco de Assis Azevedo.<\/p>\n\n\n\n<p>A vacina\u00e7\u00e3o anual de c\u00e3es e gatos \u00e9 eficaz na preven\u00e7\u00e3o da raiva nesses animais, o que, consequentemente, previne tamb\u00e9m a raiva humana. Deve-se sempre evitar se aproximar de c\u00e3es e gatos sem donos, n\u00e3o mexer ou toc\u00e1-los quando estiverem se alimentando, com crias ou mesmo dormindo. A SES orienta, ainda, a nunca tocar em morcegos ou outros animais silvestres diretamente, principalmente quando estiverem ca\u00eddos no ch\u00e3o ou encontrados em situa\u00e7\u00f5es n\u00e3o habituais.<\/p>\n\n\n\n<p>&#8220;As vacinas antirr\u00e1bicas est\u00e3o dispon\u00edveis nas 12 Ger\u00eancias Regionais de Sa\u00fade da Para\u00edba. J\u00e1 o soro antirr\u00e1bico humano fica dispon\u00edvel nas unidades de refer\u00eancia: Hospital General Edson Ramalho (Jo\u00e3o Pessoa), Hospital Regional de Trauma Dom Luiz Gonzaga (Campina Grande), Hospital Regional Deputado Janduhy Carneiro (Patos) e no Hospital Regional de Cajazeiras&#8221;, informou Assis.<\/p>\n\n\n\n<figure class=\"wp-block-image\"><img decoding=\"async\" data-src=\"https:\/\/www.clickpb.com.br\/media\/filer_public\/9c\/46\/9c465169-a54a-4084-ba1b-22048c595989\/mulher_de_68_anos_contrai_raiva_humana_apos_ser_mordida_por_raposa_no_sertao_da_paraiba.jpeg\" alt=\"\" src=\"data:image\/svg+xml;base64,PHN2ZyB3aWR0aD0iMSIgaGVpZ2h0PSIxIiB4bWxucz0iaHR0cDovL3d3dy53My5vcmcvMjAwMC9zdmciPjwvc3ZnPg==\" class=\"lazyload\" \/><\/figure>\n","protected":false},"excerpt":{"rendered":"<p>A Secretaria de Estado da Sa\u00fade da Para\u00edba confirmou um caso de raiva humana. O primeiro desde 2015, quando foi registrado um caso em Jacara\u00fa.&hellip; <\/p>\n","protected":false},"author":2,"featured_media":176039,"comment_status":"closed","ping_status":"closed","sticky":false,"template":"","format":"standard","meta":{"sfsi_plus_gutenberg_text_before_share":"","sfsi_plus_gutenberg_show_text_before_share":"","sfsi_plus_gutenberg_icon_type":"","sfsi_plus_gutenberg_icon_alignemt":"","sfsi_plus_gutenburg_max_per_row":"","footnotes":""},"categories":[6],"tags":[],"class_list":["post-176038","post","type-post","status-publish","format-standard","has-post-thumbnail","hentry","category-cidades"],"_links":{"self":[{"href":"https:\/\/www.caririemacao.com\/1\/wp-json\/wp\/v2\/posts\/176038","targetHints":{"allow":["GET"]}}],"collection":[{"href":"https:\/\/www.caririemacao.com\/1\/wp-json\/wp\/v2\/posts"}],"about":[{"href":"https:\/\/www.caririemacao.com\/1\/wp-json\/wp\/v2\/types\/post"}],"author":[{"embeddable":true,"href":"https:\/\/www.caririemacao.com\/1\/wp-json\/wp\/v2\/users\/2"}],"replies":[{"embeddable":true,"href":"https:\/\/www.caririemacao.com\/1\/wp-json\/wp\/v2\/comments?post=176038"}],"version-history":[{"count":1,"href":"https:\/\/www.caririemacao.com\/1\/wp-json\/wp\/v2\/posts\/176038\/revisions"}],"predecessor-version":[{"id":176040,"href":"https:\/\/www.caririemacao.com\/1\/wp-json\/wp\/v2\/posts\/176038\/revisions\/176040"}],"wp:featuredmedia":[{"embeddable":true,"href":"https:\/\/www.caririemacao.com\/1\/wp-json\/wp\/v2\/media\/176039"}],"wp:attachment":[{"href":"https:\/\/www.caririemacao.com\/1\/wp-json\/wp\/v2\/media?parent=176038"}],"wp:term":[{"taxonomy":"category","embeddable":true,"href":"https:\/\/www.caririemacao.com\/1\/wp-json\/wp\/v2\/categories?post=176038"},{"taxonomy":"post_tag","embeddable":true,"href":"https:\/\/www.caririemacao.com\/1\/wp-json\/wp\/v2\/tags?post=176038"}],"curies":[{"name":"wp","href":"https:\/\/api.w.org\/{rel}","templated":true}]}}