{"id":176045,"date":"2020-06-26T06:57:36","date_gmt":"2020-06-26T09:57:36","guid":{"rendered":"https:\/\/www.caririemacao.com\/1\/?p=176045"},"modified":"2020-06-26T06:57:36","modified_gmt":"2020-06-26T09:57:36","slug":"delegado-paraibano-e-nomeado-para-cargo-de-chefe-da-divisao-de-repressao-de-combate-a-corrupcao-da-policia-federal","status":"publish","type":"post","link":"https:\/\/www.caririemacao.com\/1\/2020\/06\/26\/delegado-paraibano-e-nomeado-para-cargo-de-chefe-da-divisao-de-repressao-de-combate-a-corrupcao-da-policia-federal\/","title":{"rendered":"Delegado paraibano \u00e9 nomeado para cargo de chefe da Divis\u00e3o de Repress\u00e3o de Combate \u00e0 Corrup\u00e7\u00e3o da Policia Federal"},"content":{"rendered":"\n<h1 class=\"wp-block-heading\"><\/h1>\n\n\n\n<p>O diretor-geral da Pol\u00edcia Federal, Rolando Alexandre de Souza, nomeou o delegado paraibano Fabiano Em\u00eddio de Lucena Martins para o cargo de chefe da Divis\u00e3o de Repress\u00e3o \u00e0 Corrup\u00e7\u00e3o da Coordena\u00e7\u00e3o-Geral de Repress\u00e3o \u00e0 Corrup\u00e7\u00e3o e Lavagem de Dinheiro da Diretoria de Investiga\u00e7\u00e3o e Combate ao Crime Organizado. Ele ocupar\u00e1 a vaga da delegada Priscila de Castro Busnello que deixou o cargo. A portaria, com a nomea\u00e7\u00e3o, foi publicada nesta quinta-feira (25), no Di\u00e1rio Oficial da Uni\u00e3o.&nbsp;<\/p>\n\n\n\n<p>Em\u00eddio j\u00e1 exerceu suas fun\u00e7\u00f5es na Delegacia de Repress\u00e3o a Crimes Financeiros da Superintend\u00eancia Regional da Para\u00edba. Al\u00e9m disso, ganhou destaque durante as opera\u00e7\u00f5es Xeque-Mate, que culminou com a pris\u00e3o do prefeito da cidade, e Calv\u00e1rio, que tamb\u00e9m prendeu o ex-governador da Para\u00edba, Ricardo Coutinho, por suspeita de desvios de recursos na \u00e1rea de sa\u00fade.&nbsp;<\/p>\n\n\n\n<p>No m\u00eas de maio, o delegado federal paraibano entrou para o grupo que investiga, a partir das acusa\u00e7\u00f5es do ex-ministro da Justi\u00e7a S\u00e9rgio Moro, as supostas tentativas de interfer\u00eancia do presidente Jair Bolsonaro (sem partido) na Pol\u00edcia Federal.&nbsp;<\/p>\n","protected":false},"excerpt":{"rendered":"<p>O diretor-geral da Pol\u00edcia Federal, Rolando Alexandre de Souza, nomeou o delegado paraibano Fabiano Em\u00eddio de Lucena Martins para o cargo de chefe da Divis\u00e3o&hellip; <\/p>\n","protected":false},"author":2,"featured_media":176046,"comment_status":"closed","ping_status":"closed","sticky":false,"template":"","format":"standard","meta":{"sfsi_plus_gutenberg_text_before_share":"","sfsi_plus_gutenberg_show_text_before_share":"","sfsi_plus_gutenberg_icon_type":"","sfsi_plus_gutenberg_icon_alignemt":"","sfsi_plus_gutenburg_max_per_row":"","footnotes":""},"categories":[2],"tags":[],"class_list":["post-176045","post","type-post","status-publish","format-standard","has-post-thumbnail","hentry","category-geral"],"_links":{"self":[{"href":"https:\/\/www.caririemacao.com\/1\/wp-json\/wp\/v2\/posts\/176045","targetHints":{"allow":["GET"]}}],"collection":[{"href":"https:\/\/www.caririemacao.com\/1\/wp-json\/wp\/v2\/posts"}],"about":[{"href":"https:\/\/www.caririemacao.com\/1\/wp-json\/wp\/v2\/types\/post"}],"author":[{"embeddable":true,"href":"https:\/\/www.caririemacao.com\/1\/wp-json\/wp\/v2\/users\/2"}],"replies":[{"embeddable":true,"href":"https:\/\/www.caririemacao.com\/1\/wp-json\/wp\/v2\/comments?post=176045"}],"version-history":[{"count":1,"href":"https:\/\/www.caririemacao.com\/1\/wp-json\/wp\/v2\/posts\/176045\/revisions"}],"predecessor-version":[{"id":176047,"href":"https:\/\/www.caririemacao.com\/1\/wp-json\/wp\/v2\/posts\/176045\/revisions\/176047"}],"wp:featuredmedia":[{"embeddable":true,"href":"https:\/\/www.caririemacao.com\/1\/wp-json\/wp\/v2\/media\/176046"}],"wp:attachment":[{"href":"https:\/\/www.caririemacao.com\/1\/wp-json\/wp\/v2\/media?parent=176045"}],"wp:term":[{"taxonomy":"category","embeddable":true,"href":"https:\/\/www.caririemacao.com\/1\/wp-json\/wp\/v2\/categories?post=176045"},{"taxonomy":"post_tag","embeddable":true,"href":"https:\/\/www.caririemacao.com\/1\/wp-json\/wp\/v2\/tags?post=176045"}],"curies":[{"name":"wp","href":"https:\/\/api.w.org\/{rel}","templated":true}]}}