{"id":176048,"date":"2020-06-26T06:59:58","date_gmt":"2020-06-26T09:59:58","guid":{"rendered":"https:\/\/www.caririemacao.com\/1\/?p=176048"},"modified":"2020-06-26T06:59:58","modified_gmt":"2020-06-26T09:59:58","slug":"governo-cancela-edicao-2020-dos-jogos-escolares-e-paraescolares-na-paraiba-por-causa-da-pandemia-do-coronavirus","status":"publish","type":"post","link":"https:\/\/www.caririemacao.com\/1\/2020\/06\/26\/governo-cancela-edicao-2020-dos-jogos-escolares-e-paraescolares-na-paraiba-por-causa-da-pandemia-do-coronavirus\/","title":{"rendered":"Governo cancela edi\u00e7\u00e3o 2020 dos Jogos Escolares e Paraescolares na Para\u00edba por causa da pandemia do coronav\u00edrus"},"content":{"rendered":"\n<h1 class=\"wp-block-heading\"><\/h1>\n\n\n\n<p>O Governo do Estado, por meio da Secretaria de Estado da Juventude, Esporte e Lazer (Sejel), determinou o cancelamento da edi\u00e7\u00e3o de 2020 dos Jogos Escolares e Paraescolares da Para\u00edba, devido \u00e0 pandemia do novo coronav\u00edrus. A medida est\u00e1 alinhada com a decis\u00e3o do Comit\u00ea Ol\u00edmpico Brasileiro (COB), que, nessa ter\u00e7a-feira (23), comunicou oficialmente aos estados que n\u00e3o haveria a realiza\u00e7\u00e3o dos Jogos Escolares da Juventude, prevista para novembro deste ano, tendo em vista o risco de cont\u00e1gio em ambiente sem controle direto do COB e Confedera\u00e7\u00f5es (transporte a\u00e9reo\/terrestre, hot\u00e9is, centro comerciais, etc), al\u00e9m da diferen\u00e7a entre situa\u00e7\u00f5es de cada Estado em rela\u00e7\u00e3o ao impacto da pandemia, como a incerteza do retorno das aulas presenciais.<\/p>\n\n\n\n<p>O secret\u00e1rio executivo de Esporte e Lazer, Jos\u00e9 Marco, explicou que na Para\u00edba os jogos contam com cerca de 20 mil atletas na faixa et\u00e1ria de 12 a 17 anos e s\u00e3o realizados nas 14 regi\u00f5es, e ainda a etapa estadual, que re\u00fane as escolas campe\u00e3s de cada regi\u00e3o, na qual ganham a vaga para a etapa nacional, organizada pelo COB, e agora devidamente cancelada. \u201cA equipe t\u00e9cnica da Sejel tinha todo o planejamento, mas com a covid-19, que se espalhou pelo mundo e aqui na Para\u00edba n\u00e3o est\u00e1 sendo diferente, o Governo do Estado n\u00e3o poderia tomar outra atitude, assim como fez o COB e v\u00e1rios outros estados. Nesse momento delicado, a grande preocupa\u00e7\u00e3o \u00e9 a sa\u00fade de cada paraibano\u201d, disse.<\/p>\n\n\n\n<p>O Governo do Estado \u00e9 respons\u00e1vel por arcar os Jogos Escolares e Paraescolares, cujo investimento em 2019 girou em torno de R$ 2 milh\u00f5es e ainda as passagens a\u00e9reas para os que representaram a Para\u00edba nos Jogos da Juventude, que ocorreram em Blumenau (SC) e nas Paralimp\u00edadas Escolares, que foram na cidade de S\u00e3o Paulo. \u201cEste ano, ainda n\u00e3o tinha a sede definida da etapa nacional, mas, agora, \u00e9 momento de compreens\u00e3o e de salvar vidas. Que em 2021 possamos fazer com que os Jogos Escolares e Paraescolares possam movimentar novamente o nosso calend\u00e1rio esportivo\u201d, concluiu o secret\u00e1rio.<\/p>\n\n\n\n<p><strong>Paralimp\u00edadas Escolares&nbsp; &#8211;&nbsp;&nbsp;<\/strong>Assim como os Jogos Escolares da Juventude, as Paralimp\u00edadas Escolares, esta organizada pelo Comit\u00ea Paral\u00edmpico Brasileiro (CPB), tamb\u00e9m cancelou a edi\u00e7\u00e3o de 2020, por conta da Covid-19.<\/p>\n","protected":false},"excerpt":{"rendered":"<p>O Governo do Estado, por meio da Secretaria de Estado da Juventude, Esporte e Lazer (Sejel), determinou o cancelamento da edi\u00e7\u00e3o de 2020 dos Jogos&hellip; <\/p>\n","protected":false},"author":2,"featured_media":176049,"comment_status":"closed","ping_status":"closed","sticky":false,"template":"","format":"standard","meta":{"sfsi_plus_gutenberg_text_before_share":"","sfsi_plus_gutenberg_show_text_before_share":"","sfsi_plus_gutenberg_icon_type":"","sfsi_plus_gutenberg_icon_alignemt":"","sfsi_plus_gutenburg_max_per_row":"","footnotes":""},"categories":[2],"tags":[],"class_list":["post-176048","post","type-post","status-publish","format-standard","has-post-thumbnail","hentry","category-geral"],"_links":{"self":[{"href":"https:\/\/www.caririemacao.com\/1\/wp-json\/wp\/v2\/posts\/176048","targetHints":{"allow":["GET"]}}],"collection":[{"href":"https:\/\/www.caririemacao.com\/1\/wp-json\/wp\/v2\/posts"}],"about":[{"href":"https:\/\/www.caririemacao.com\/1\/wp-json\/wp\/v2\/types\/post"}],"author":[{"embeddable":true,"href":"https:\/\/www.caririemacao.com\/1\/wp-json\/wp\/v2\/users\/2"}],"replies":[{"embeddable":true,"href":"https:\/\/www.caririemacao.com\/1\/wp-json\/wp\/v2\/comments?post=176048"}],"version-history":[{"count":1,"href":"https:\/\/www.caririemacao.com\/1\/wp-json\/wp\/v2\/posts\/176048\/revisions"}],"predecessor-version":[{"id":176050,"href":"https:\/\/www.caririemacao.com\/1\/wp-json\/wp\/v2\/posts\/176048\/revisions\/176050"}],"wp:featuredmedia":[{"embeddable":true,"href":"https:\/\/www.caririemacao.com\/1\/wp-json\/wp\/v2\/media\/176049"}],"wp:attachment":[{"href":"https:\/\/www.caririemacao.com\/1\/wp-json\/wp\/v2\/media?parent=176048"}],"wp:term":[{"taxonomy":"category","embeddable":true,"href":"https:\/\/www.caririemacao.com\/1\/wp-json\/wp\/v2\/categories?post=176048"},{"taxonomy":"post_tag","embeddable":true,"href":"https:\/\/www.caririemacao.com\/1\/wp-json\/wp\/v2\/tags?post=176048"}],"curies":[{"name":"wp","href":"https:\/\/api.w.org\/{rel}","templated":true}]}}