{"id":176092,"date":"2020-06-26T09:03:09","date_gmt":"2020-06-26T12:03:09","guid":{"rendered":"https:\/\/www.caririemacao.com\/1\/?p=176092"},"modified":"2020-06-26T09:08:14","modified_gmt":"2020-06-26T12:08:14","slug":"conselheiros-tutelares-ganham-uniformes-da-prefeitura-de-camalau-junto-com-a-secretaria-de-trabalho-e-acao-social","status":"publish","type":"post","link":"https:\/\/www.caririemacao.com\/1\/2020\/06\/26\/conselheiros-tutelares-ganham-uniformes-da-prefeitura-de-camalau-junto-com-a-secretaria-de-trabalho-e-acao-social\/","title":{"rendered":"Conselheiros Tutelares ganham uniformes da Prefeitura de Camala\u00fa junto com a Secretaria de Trabalho e A\u00e7\u00e3o Social"},"content":{"rendered":"\n<p>A Prefeitura Municipal de Camala\u00fa, atrav\u00e9s da secretaria de trabalho e A\u00e7\u00e3o Social fez a entrega de uniformes para os conselheiros tutelares.<\/p>\n\n\n\n<p><br>Lembrando que desde a cria\u00e7\u00e3o do conselho tutelar no munic\u00edpio, eles nunca tinham ganhado uniformes como tamb\u00e9m n\u00e3o tinha sede pr\u00f3pria.<\/p>\n\n\n\n<p>A entidade desempenha fun\u00e7\u00e3o estrat\u00e9gica para afirma\u00e7\u00e3o dos direitos de crian\u00e7as e adolescentes. <\/p>\n\n\n\n<p>Informa\u00e7\u00f5es e den\u00fancias ligue: 996115552<br>E-mail:<br>conselhotutelardecamalau@gmail.com<\/p>\n","protected":false},"excerpt":{"rendered":"<p>A Prefeitura Municipal de Camala\u00fa, atrav\u00e9s da secretaria de trabalho e A\u00e7\u00e3o Social fez a entrega de uniformes para os conselheiros tutelares. Lembrando que desde&hellip; <\/p>\n","protected":false},"author":1,"featured_media":176093,"comment_status":"closed","ping_status":"closed","sticky":false,"template":"","format":"standard","meta":{"sfsi_plus_gutenberg_text_before_share":"","sfsi_plus_gutenberg_show_text_before_share":"","sfsi_plus_gutenberg_icon_type":"","sfsi_plus_gutenberg_icon_alignemt":"","sfsi_plus_gutenburg_max_per_row":"","footnotes":""},"categories":[6],"tags":[],"class_list":["post-176092","post","type-post","status-publish","format-standard","has-post-thumbnail","hentry","category-cidades"],"_links":{"self":[{"href":"https:\/\/www.caririemacao.com\/1\/wp-json\/wp\/v2\/posts\/176092","targetHints":{"allow":["GET"]}}],"collection":[{"href":"https:\/\/www.caririemacao.com\/1\/wp-json\/wp\/v2\/posts"}],"about":[{"href":"https:\/\/www.caririemacao.com\/1\/wp-json\/wp\/v2\/types\/post"}],"author":[{"embeddable":true,"href":"https:\/\/www.caririemacao.com\/1\/wp-json\/wp\/v2\/users\/1"}],"replies":[{"embeddable":true,"href":"https:\/\/www.caririemacao.com\/1\/wp-json\/wp\/v2\/comments?post=176092"}],"version-history":[{"count":2,"href":"https:\/\/www.caririemacao.com\/1\/wp-json\/wp\/v2\/posts\/176092\/revisions"}],"predecessor-version":[{"id":176102,"href":"https:\/\/www.caririemacao.com\/1\/wp-json\/wp\/v2\/posts\/176092\/revisions\/176102"}],"wp:featuredmedia":[{"embeddable":true,"href":"https:\/\/www.caririemacao.com\/1\/wp-json\/wp\/v2\/media\/176093"}],"wp:attachment":[{"href":"https:\/\/www.caririemacao.com\/1\/wp-json\/wp\/v2\/media?parent=176092"}],"wp:term":[{"taxonomy":"category","embeddable":true,"href":"https:\/\/www.caririemacao.com\/1\/wp-json\/wp\/v2\/categories?post=176092"},{"taxonomy":"post_tag","embeddable":true,"href":"https:\/\/www.caririemacao.com\/1\/wp-json\/wp\/v2\/tags?post=176092"}],"curies":[{"name":"wp","href":"https:\/\/api.w.org\/{rel}","templated":true}]}}